
{"id":19411,"date":"2017-05-24T15:10:12","date_gmt":"2017-05-24T14:10:12","guid":{"rendered":"http:\/\/smartbe.be\/?p=19411\/"},"modified":"2017-06-23T09:35:33","modified_gmt":"2017-06-23T08:35:33","slug":"quel-avenir-pour-notre-securite-sociale","status":"publish","type":"post","link":"https:\/\/smartbe.be\/fr\/news\/quel-avenir-pour-notre-securite-sociale\/","title":{"rendered":"Quel avenir pour notre s\u00e9curit\u00e9 sociale ?"},"content":{"rendered":"<p><br \/>\n<em>Faut-il changer notre r\u00e9gime de s\u00e9curit\u00e9 sociale ? Quelles directions doit prendre ce changement ? Renforcement des logiques actuelles ou modification de la mani\u00e8re d\u2019envisager la s\u00e9curit\u00e9 sociale? En quoi le renforcement de la s\u00e9curit\u00e9 sociale viendrait\/pourrait contrer les changements per\u00e7us dans le monde du travail ?<\/em><\/p>\n<h3><strong>Soir\u00e9e sp\u00e9ciale \u00ab\u00a0La sociale\u00a0\u00bb le 15 juin \u00e0 20h au \u00a0<a href=\"https:\/\/www.cinenews.be\/fr\/cinema\/le-parc-charleroi\/\" target=\"_blank\">Quai 10\u00a0Cot\u00e9 Parc<\/a> \u00e0 Charleroi<\/strong><\/h3>\n<h3><img loading=\"lazy\" decoding=\"async\" class=\"size-medium wp-image-19556 alignleft\" src=\"https:\/\/smartbe.be\/wordpress\/..\/wp-content\/uploads\/2017\/05\/lasocial_Low-212x300.jpg\" alt=\"\" width=\"212\" height=\"300\" \/><\/h3>\n<h3>Au programme :<\/h3>\n<p>\u25ba Projection de trois films\u00a0lors de cette soir\u00e9e\u00a0:<\/p>\n<ul>\n<li>\u00ab\u00a0<em>Ceci n\u2019est pas un trou<\/em>\u00a0\u00bb :\u00a0court-m\u00e9trage d\u2019animation de <strong>5 min<\/strong> via la <a href=\"http:\/\/www.fgtb.be\/\" target=\"_blank\">FGTB<\/a><\/li>\n<li>\u00ab\u00a0<em>S\u00e9curit\u00e9 sociale\u00a0: chef d\u2019\u0153uvre en p\u00e9ril\u00a0<\/em>\u00bb :\u00a0court-m\u00e9trage d\u2019une <strong>dizaine de minutes<\/strong> propos\u00e9 par la <a href=\"https:\/\/www.mc.be\/\" target=\"_blank\">Mutualit\u00e9 Chr\u00e9tienne<\/a><\/li>\n<li>le film \u00ab\u00a0<a href=\"http:\/\/www.allocine.fr\/film\/fichefilm_gen_cfilm=249160.html\" target=\"_blank\"><em>La sociale<\/em><\/a>\u00a0\u00bb de \u00a0Gilles Perret de <strong>1h25<\/strong><\/li>\n<\/ul>\n<p>\u25ba Le d\u00e9bat \u00a0<strong>\u00ab<\/strong><em>\u00a0La s\u00e9curit\u00e9 sociale\u00a0: pass\u00e9, pr\u00e9sent, futur<\/em><strong>\u00a0\u00bb<\/strong>\u00a0aura lieu \u00e0 l\u2019issue des projections<br \/>\n\u25ba\u00a0Apr\u00e8s le d\u00e9bat, un drink sera propos\u00e9<br \/>\n\u25ba Tarif : <strong>7,5 \u20ac<\/strong><\/p>\n<p><strong>On offre 10x 2places \u00e0 nos membres pour la projection.<\/strong><\/p>\n<p><em><strong>contact &amp; info\u00a0: &#x6e;&#x6f;&#x64;&#x40;<span class=\"oe_displaynone\">null<\/span>&#x73;&#x6d;&#x61;&#x72;&#x74;&#x2e;&#x63;&#x6f;&#x6f;&#x70;<\/strong><\/em><\/p>\n<p>&nbsp;<\/p>\n<p><strong>\u00c9v\u00e9nement(s) pass\u00e9(s)<\/strong><\/p>\n<ul>\n<li><em><strong>29 mai \u00e0 18h00 au cin\u00e9ma Aventure<\/strong><\/em><\/li>\n<\/ul>\n<h3><em>Au Programme :<\/em><\/h3>\n<p><em>\u25ba Projection du fil<span class=\"text_exposed_show\">m \u00abLa Sociale \u00bb de <strong>Gilles Perret<\/strong><\/span><\/em><\/p>\n<p><em><span class=\"text_exposed_show\">\u25ba D\u00e9bat : \u00ab Quel avenir pour notre s\u00e9curit\u00e9 sociale ? \u00bb. Intervenants : <strong>Sandrino Graceffa<\/strong>, administrateur d\u00e9l\u00e9gu\u00e9 (SMartBe), <strong>Marie-Caroline Collard<\/strong>, directrice (SAW-B), <strong>Jean- Fran\u00e7ois Tamellini<\/strong>, s\u00e9cretaire f\u00e9deral de la FGTB, <strong>Nabil Sheikh Hassan<\/strong>, permanent au service d\u2019\u00e9tudes de la CNE et <strong>Lucie Donnet<\/strong> coursi\u00e8re chez Take Eat Easy et maintenant Deliveroo.<\/span><\/em><\/p>\n<p><em>\u25ba Ap\u00e9ro-Cocktail pour continuer les discussions<\/em><\/p>\n<p><em>\u25ba Tarifs : <strong>9,5 \u20ac<\/strong> (tarif plein), <strong>8 \u20ac<\/strong> (tarif r\u00e9duit : senior, \u00e9tudiant, demandeur d&#8217;emploi). Les places peuvent s\u2019acheter \u00e0 l\u2019avance <strong>au cin\u00e9ma Aventure<\/strong>. Lorsqu\u2019elles ont toutes \u00e9t\u00e9 vendues, il ne sera plus possible de participer \u00e0 l\u2019\u00e9v\u00e8nement.<\/em><\/p>\n<p><em>\u25ba Plus d&rsquo;infos sur les organisateurs :<\/em><br \/>\n<em> <a href=\"http:\/\/www.saw-b.be\/spip\/index.php\" target=\"_blank\">SAW-B<\/a><\/em><\/p>\n<p>&nbsp;<\/p>","protected":false},"excerpt":{"rendered":"<p>Faut-il changer notre r\u00e9gime de s\u00e9curit\u00e9 sociale ? Quelles directions doit prendre ce changement ? Renforcement des logiques actuelles ou modification de la mani\u00e8re d\u2019envisager la s\u00e9curit\u00e9 sociale? En quoi le renforcement de la s\u00e9curit\u00e9 sociale viendrait\/pourrait contrer les changements &hellip;<\/p>\n","protected":false},"author":52,"featured_media":19511,"comment_status":"closed","ping_status":"closed","sticky":false,"template":"","format":"standard","meta":{"footnotes":""},"categories":[25,24],"tags":[],"class_list":["post-19411","post","type-post","status-publish","format-standard","has-post-thumbnail","hentry","category-debats","category-evenements"],"aioseo_notices":[],"_links":{"self":[{"href":"https:\/\/smartbe.be\/fr\/wp-json\/wp\/v2\/posts\/19411","targetHints":{"allow":["GET"]}}],"collection":[{"href":"https:\/\/smartbe.be\/fr\/wp-json\/wp\/v2\/posts"}],"about":[{"href":"https:\/\/smartbe.be\/fr\/wp-json\/wp\/v2\/types\/post"}],"author":[{"embeddable":true,"href":"https:\/\/smartbe.be\/fr\/wp-json\/wp\/v2\/users\/52"}],"replies":[{"embeddable":true,"href":"https:\/\/smartbe.be\/fr\/wp-json\/wp\/v2\/comments?post=19411"}],"version-history":[{"count":17,"href":"https:\/\/smartbe.be\/fr\/wp-json\/wp\/v2\/posts\/19411\/revisions"}],"predecessor-version":[{"id":19562,"href":"https:\/\/smartbe.be\/fr\/wp-json\/wp\/v2\/posts\/19411\/revisions\/19562"}],"wp:featuredmedia":[{"embeddable":true,"href":"https:\/\/smartbe.be\/fr\/wp-json\/wp\/v2\/media\/19511"}],"wp:attachment":[{"href":"https:\/\/smartbe.be\/fr\/wp-json\/wp\/v2\/media?parent=19411"}],"wp:term":[{"taxonomy":"category","embeddable":true,"href":"https:\/\/smartbe.be\/fr\/wp-json\/wp\/v2\/categories?post=19411"},{"taxonomy":"post_tag","embeddable":true,"href":"https:\/\/smartbe.be\/fr\/wp-json\/wp\/v2\/tags?post=19411"}],"curies":[{"name":"wp","href":"https:\/\/api.w.org\/{rel}","templated":true}]}}