
{"id":18944,"date":"2017-04-26T14:33:51","date_gmt":"2017-04-26T13:33:51","guid":{"rendered":"http:\/\/smartbe.be\/?p=18944\/"},"modified":"2017-05-08T16:02:06","modified_gmt":"2017-05-08T15:02:06","slug":"bientot-un-comptoir-des-ressources-creatives-charleroi","status":"publish","type":"post","link":"https:\/\/smartbe.be\/fr\/news\/bientot-un-comptoir-des-ressources-creatives-charleroi\/","title":{"rendered":"Bient\u00f4t un Comptoir des Ressources Cr\u00e9atives \u00e0 Charleroi"},"content":{"rendered":"<h3><strong>Au vu du succ\u00e8s et de l\u2019originalit\u00e9 de la d\u00e9marche, des citoyens cr\u00e9atifs carolos se sont rassembl\u00e9s pour d\u00e9velopper une antenne locale du CRC<\/strong><\/h3>\n<p>Le comptoir des ressources cr\u00e9atives (CRC) est une association \u00abpour les cr\u00e9ateurs et par les cr\u00e9ateurs\u00bb. Cette initiative a vu le jour en 2011 \u00e0 Li\u00e8ge. L\u2019objectif ? Offrir des services mat\u00e9riels et immat\u00e9riels aux cr\u00e9ateurs et cr\u00e9atrices professionnel.le.s ou qui aspirent \u00e0 le devenir. Le projet ? Mettre en commun les ressources et les \u00e9nergies des acteurs des diff\u00e9rents secteurs cr\u00e9atifs afin de r\u00e9pondre aux probl\u00e9matiques communes de mani\u00e8re collective tout en respectant la singularit\u00e9 de chacun.<\/p>\n<p>Initiative \u00e0 ses balbutiements, le CRC Charleroi entend construire sa plateforme petit \u00e0 petit en fonction des besoins territoriaux. Les outils seront pens\u00e9s et adapt\u00e9s \u00e0 la demande locale. L\u2019id\u00e9e n&rsquo;est pas de se substituer aux organismes et acteurs locaux, priv\u00e9s ou publics mais de privil\u00e9gier les ressources existantes, ou d&rsquo;accompagner \u00e0 leur am\u00e9lioration si elles ne r\u00e9pondent pas enti\u00e8rement au besoin identifi\u00e9. Si la solution n&rsquo;existe pas, le CRC accompagne les cr\u00e9ateurs dans la coconstruction d&rsquo;une\u00a0 solution adapt\u00e9e au besoin rencontr\u00e9.<\/p>\n<p>L\u2019exp\u00e9rience li\u00e9geoise a d\u00e9montr\u00e9 la force d\u2019une mise en commun des ressources, des comp\u00e9tences et de l\u2019\u00e9nergie de chacun. Espaces mutualis\u00e9s (bureaux et ateliers), v\u00e9hicules partag\u00e9s, espaces de r\u00e9sidences, salle de concert et de r\u00e9p\u00e9tition\u2026 sont autant d\u2019exemples de r\u00e9alisations entreprises par le CRC et leurs membres depuis leur d\u00e9but. Ces espaces mutualis\u00e9s permettent des \u00e9changes d\u2019exp\u00e9rience et de savoir-faire, source de plus-value artistique, m\u00e9diatique mais aussi \u00e9conomique pour l\u2019ensemble des partie-prenantes.<\/p>\n<p>Aujourd\u2019hui, le CRC Charleroi compte parmi ses soutiens l&rsquo;antenne de Smart Charleroi.<\/p>\n<p>&nbsp;<\/p>\n<p>Vous souhaitez \u00eatre tenu inform\u00e9 de ce projet ? <a href=\"mailto:&#x63;&#x72;&#x63;&#x63;&#x61;&#x72;&#x6f;&#x6c;&#x6f;&#x40;&#x67;&#x6d;&#x61;&#x69;&#x6c;&#x2e;&#x63;&#x6f;&#x6d;\">&#x63;&#x72;&#x63;&#x63;&#x61;&#x72;&#x6f;&#x6c;&#x6f;&#x40;<span class=\"oe_displaynone\">null<\/span>&#x67;&#x6d;&#x61;&#x69;&#x6c;&#x2e;&#x63;&#x6f;&#x6d;<\/a> &#8211; 0479 94 51 30<\/p>\n<p>Liens web:<\/p>\n<p><a href=\"https:\/\/www.facebook.com\/crccharleroi\">Facebook<\/a><\/p>\n<p><a href=\"http:\/\/www.comptoirdesressourcescreatives.be\">CRCCHARLEROI<\/a><\/p>","protected":false},"excerpt":{"rendered":"<p>Au vu du succ\u00e8s et de l\u2019originalit\u00e9 de la d\u00e9marche, des citoyens cr\u00e9atifs carolos se sont rassembl\u00e9s pour d\u00e9velopper une antenne locale du CRC Le comptoir des ressources cr\u00e9atives (CRC) est une association \u00abpour les cr\u00e9ateurs et par les cr\u00e9ateurs\u00bb. &hellip;<\/p>\n","protected":false},"author":39,"featured_media":18955,"comment_status":"closed","ping_status":"closed","sticky":false,"template":"","format":"standard","meta":{"footnotes":""},"categories":[153],"tags":[],"class_list":["post-18944","post","type-post","status-publish","format-standard","has-post-thumbnail","hentry","category-appel-a-projets"],"aioseo_notices":[],"_links":{"self":[{"href":"https:\/\/smartbe.be\/fr\/wp-json\/wp\/v2\/posts\/18944","targetHints":{"allow":["GET"]}}],"collection":[{"href":"https:\/\/smartbe.be\/fr\/wp-json\/wp\/v2\/posts"}],"about":[{"href":"https:\/\/smartbe.be\/fr\/wp-json\/wp\/v2\/types\/post"}],"author":[{"embeddable":true,"href":"https:\/\/smartbe.be\/fr\/wp-json\/wp\/v2\/users\/39"}],"replies":[{"embeddable":true,"href":"https:\/\/smartbe.be\/fr\/wp-json\/wp\/v2\/comments?post=18944"}],"version-history":[{"count":6,"href":"https:\/\/smartbe.be\/fr\/wp-json\/wp\/v2\/posts\/18944\/revisions"}],"predecessor-version":[{"id":19192,"href":"https:\/\/smartbe.be\/fr\/wp-json\/wp\/v2\/posts\/18944\/revisions\/19192"}],"wp:featuredmedia":[{"embeddable":true,"href":"https:\/\/smartbe.be\/fr\/wp-json\/wp\/v2\/media\/18955"}],"wp:attachment":[{"href":"https:\/\/smartbe.be\/fr\/wp-json\/wp\/v2\/media?parent=18944"}],"wp:term":[{"taxonomy":"category","embeddable":true,"href":"https:\/\/smartbe.be\/fr\/wp-json\/wp\/v2\/categories?post=18944"},{"taxonomy":"post_tag","embeddable":true,"href":"https:\/\/smartbe.be\/fr\/wp-json\/wp\/v2\/tags?post=18944"}],"curies":[{"name":"wp","href":"https:\/\/api.w.org\/{rel}","templated":true}]}}