
{"id":18853,"date":"2017-04-21T16:13:34","date_gmt":"2017-04-21T15:13:34","guid":{"rendered":"http:\/\/smartbe.be\/?p=18853\/"},"modified":"2017-05-15T10:07:59","modified_gmt":"2017-05-15T09:07:59","slug":"envie-de-discuter-de-nouveaux-modeles-de-travail-plus-cooperatives","status":"publish","type":"post","link":"https:\/\/smartbe.be\/fr\/news\/envie-de-discuter-de-nouveaux-modeles-de-travail-plus-cooperatives\/","title":{"rendered":"Envie de discuter de nouveaux mod\u00e8les de travail ?"},"content":{"rendered":"<h3>Venez participer au colloque organis\u00e9 \u00e0 Mons le <strong>8 mai 2017<\/strong> au <a href=\"http:\/\/www.bam.mons.be\/\" target=\"_blank\">BAM<\/a> d\u00e8s 12h00 en partenariat avec <a href=\"http:\/\/www.creativevalley.be\/fr\/accueil\" target=\"_blank\">Creative Valley<\/a><\/h3>\n<p>Voici\u00a0quelques th\u00e9matiques de discussions pour vous donner un avant-go\u00fbt de la journ\u00e9e : Comment repenser la collaboration entre entrepreneurs\u00a0? Quelles nouvelles formes d\u2019emploi\u00a0pour demain ? Quels financements solidaires existe-t-il? Quels seraient les positions des syndicats dans ces nouveaux modes de travail\u00a0?<\/p>\n<p>Vous aurez l\u2019opportunit\u00e9 d\u2019en discuter en tables rondes avec des acteurs socio-\u00e9conomiques d\u2019envergure, ainsi que des entrepreneurs novateurs.<\/p>\n<p>&nbsp;<\/p>\n<p><strong>Guy Vanden Bemden<\/strong>, directeur du Click,<\/p>\n<p><strong>Sandrino Graceffa<\/strong>, directeur de la coop\u00e9rative Smart,<\/p>\n<p><strong>Alain Finet<\/strong>, chercheur \u00e0 l\u2019<a href=\"http:\/\/portail.umons.ac.be\/FR\/Pages\/default.aspx\" target=\"_blank\">UMons<\/a>,<\/p>\n<p><strong>Barbara Garbarczyk<\/strong> de <a href=\"http:\/\/www.saw-b.be\/spip\/index.php\" target=\"_blank\">SAW-B<\/a>,<\/p>\n<p><strong>Salvatore Vetro<\/strong> du <a href=\"http:\/\/www.terre.be\/page.php?pagID=1&amp;lang=fr\" target=\"_blank\">Groupe Terre asbl<\/a><\/p>\n<p>Et bien d\u2019autres encore acteurs du terrain comme\u00a0: <a href=\"http:\/\/www.fishingcactus.com\/\" target=\"_blank\"><strong>Fishing Cactus<\/strong><\/a>,<a href=\"https:\/\/www.composite-collectif.be\/\" target=\"_blank\"> <strong>le<\/strong> <strong>Collectif Composite<\/strong><\/a>, <strong>le<\/strong> <strong>r\u00e9seau <a href=\"https:\/\/www.financite.be\/fr\" target=\"_blank\">Financit\u00e9<\/a><\/strong>, <a href=\"http:\/\/www.creativewallonia.be\/\" target=\"_blank\"><strong>Creative Wallonia<\/strong><\/a>, <strong><a href=\"http:\/\/www.creativevalley.be\/fr\/accueil\" target=\"_blank\">Creative Valley<\/a>.<\/strong><\/p>\n<p>&nbsp;<\/p>\n<p><u>Le programme de la journ\u00e9e<\/u> :<\/p>\n<p>12h : Ouverture des portes<\/p>\n<p>12h00 \u00e0 12h45\u00a0: Lunch et installation<\/p>\n<p>13h -15h\u00a0: Pr\u00e9sentation des intervenants<\/p>\n<p>15h15 \u2013 18h30\u00a0: Tables rondes et conclusions<\/p>\n<p>&nbsp;<\/p>\n<p>Entr\u00e9e gratuite.<\/p>\n<p>Inscriptions obligatoire\u00a0: <strong><a href=\"https:\/\/cooperation-creativite.eventbrite.fr\/\">https:\/\/cooperation-creativite.eventbrite.fr<\/a> <\/strong><\/p>\n<p><a href=\"https:\/\/www.facebook.com\/events\/221511791667165\/\">Event facebook<\/a><\/p>\n<p>&nbsp;<\/p>","protected":false},"excerpt":{"rendered":"<p>Venez participer au colloque organis\u00e9 \u00e0 Mons le 8 mai 2017 au BAM d\u00e8s 12h00 en partenariat avec Creative Valley Voici\u00a0quelques th\u00e9matiques de discussions pour vous donner un avant-go\u00fbt de la journ\u00e9e : Comment repenser la collaboration entre entrepreneurs\u00a0? Quelles &hellip;<\/p>\n","protected":false},"author":39,"featured_media":18861,"comment_status":"closed","ping_status":"closed","sticky":false,"template":"","format":"standard","meta":{"footnotes":""},"categories":[153],"tags":[],"class_list":["post-18853","post","type-post","status-publish","format-standard","has-post-thumbnail","hentry","category-appel-a-projets"],"aioseo_notices":[],"_links":{"self":[{"href":"https:\/\/smartbe.be\/fr\/wp-json\/wp\/v2\/posts\/18853","targetHints":{"allow":["GET"]}}],"collection":[{"href":"https:\/\/smartbe.be\/fr\/wp-json\/wp\/v2\/posts"}],"about":[{"href":"https:\/\/smartbe.be\/fr\/wp-json\/wp\/v2\/types\/post"}],"author":[{"embeddable":true,"href":"https:\/\/smartbe.be\/fr\/wp-json\/wp\/v2\/users\/39"}],"replies":[{"embeddable":true,"href":"https:\/\/smartbe.be\/fr\/wp-json\/wp\/v2\/comments?post=18853"}],"version-history":[{"count":11,"href":"https:\/\/smartbe.be\/fr\/wp-json\/wp\/v2\/posts\/18853\/revisions"}],"predecessor-version":[{"id":19061,"href":"https:\/\/smartbe.be\/fr\/wp-json\/wp\/v2\/posts\/18853\/revisions\/19061"}],"wp:featuredmedia":[{"embeddable":true,"href":"https:\/\/smartbe.be\/fr\/wp-json\/wp\/v2\/media\/18861"}],"wp:attachment":[{"href":"https:\/\/smartbe.be\/fr\/wp-json\/wp\/v2\/media?parent=18853"}],"wp:term":[{"taxonomy":"category","embeddable":true,"href":"https:\/\/smartbe.be\/fr\/wp-json\/wp\/v2\/categories?post=18853"},{"taxonomy":"post_tag","embeddable":true,"href":"https:\/\/smartbe.be\/fr\/wp-json\/wp\/v2\/tags?post=18853"}],"curies":[{"name":"wp","href":"https:\/\/api.w.org\/{rel}","templated":true}]}}