
{"id":18792,"date":"2017-07-21T10:44:40","date_gmt":"2017-07-21T09:44:40","guid":{"rendered":"http:\/\/smartbe.be\/fr\/?p=18792"},"modified":"2017-09-22T15:47:35","modified_gmt":"2017-09-22T14:47:35","slug":"appel-projets-exposez-au-marche-de-noel-louvain-la-neige","status":"publish","type":"post","link":"https:\/\/smartbe.be\/fr\/news\/appel-projets-exposez-au-marche-de-noel-louvain-la-neige\/","title":{"rendered":"Appel \u00e0 projets\u00a0: exposez aux march\u00e9s de No\u00ebl \u00e0 Louvain-la-Neige du 01 au 20\/12"},"content":{"rendered":"<p>L\u2019objectif de l\u2019\u00e9v\u00e9nement\u00a0: mettre en avant un large choix de produits artisanaux, originaux et\/ou locaux dans un cadre agr\u00e9able, chaleureux et festif et permettre \u00e0 un maximum de cr\u00e9ateurs et artisans de participer.<\/p>\n<p>Le prix est de <strong>50 euros HTVA\/package<\/strong>\u00a0: lundi et mardi (<em>package 1<\/em>), mercredi et jeudi (<em>package 2<\/em>), vendredi (<em>package 3<\/em>), samedi (<em>package 4<\/em>) et dimanche (<em>package 5<\/em>)<\/p>\n<p>\u25ba <strong>Envie de participer\u00a0?<\/strong><\/p>\n<p>Envoyez-nous un mail \u00e0 <a href=\"mailto:&#x65;&#x76;&#x65;&#x6e;&#x74;&#x40;&#x73;&#x6d;&#x61;&#x72;&#x74;&#x2e;&#x63;&#x6f;&#x6f;&#x70;\">&#x65;&#x76;&#x65;&#x6e;&#x74;&#x40;<span class=\"oe_displaynone\">null<\/span>&#x73;&#x6d;&#x61;&#x72;&#x74;&#x2e;&#x63;&#x6f;&#x6f;&#x70;<\/a>\u00a0avant le\u00a0<strong>30\u00a0septembre\u00a0<\/strong>au plus tard.<\/p>\n<p>\u25ba <strong>Conditions pour participer\u00a0:<\/strong><\/p>\n<ul>\n<li>Avoir une \u00ab\u00a0activit\u00e9\u00a0\u00bb Smart<\/li>\n<li>Pr\u00e9voir une provision de 112,00 eur par jour pour la r\u00e9mun\u00e9ration salariale<\/li>\n<li>Possibilit\u00e9 d\u2019accueillir <u>deux activit\u00e9s diff\u00e9rentes<\/u> par package<\/li>\n<li>Vente de nourriture, de cosm\u00e9tiques et de bijoux non-admis<\/li>\n<li>Pas d\u2019annulation possible (sauf cas de force majeure)<\/li>\n<\/ul>\n<p>En collaboration avec la <a href=\"http:\/\/www.gcvolln.be\/\" target=\"_blank\">Gestion Centre Ville<\/a> (GCV) de Louvain-La-Neuve.<\/p>","protected":false},"excerpt":{"rendered":"<p>L\u2019objectif de l\u2019\u00e9v\u00e9nement\u00a0: mettre en avant un large choix de produits artisanaux, originaux et\/ou locaux dans un cadre agr\u00e9able, chaleureux et festif et permettre \u00e0 un maximum de cr\u00e9ateurs et artisans de participer. Le prix est de 50 euros HTVA\/package\u00a0: &hellip;<\/p>\n","protected":false},"author":52,"featured_media":20963,"comment_status":"closed","ping_status":"closed","sticky":false,"template":"","format":"standard","meta":{"footnotes":""},"categories":[153],"tags":[],"class_list":["post-18792","post","type-post","status-publish","format-standard","has-post-thumbnail","hentry","category-appel-a-projets"],"aioseo_notices":[],"_links":{"self":[{"href":"https:\/\/smartbe.be\/fr\/wp-json\/wp\/v2\/posts\/18792","targetHints":{"allow":["GET"]}}],"collection":[{"href":"https:\/\/smartbe.be\/fr\/wp-json\/wp\/v2\/posts"}],"about":[{"href":"https:\/\/smartbe.be\/fr\/wp-json\/wp\/v2\/types\/post"}],"author":[{"embeddable":true,"href":"https:\/\/smartbe.be\/fr\/wp-json\/wp\/v2\/users\/52"}],"replies":[{"embeddable":true,"href":"https:\/\/smartbe.be\/fr\/wp-json\/wp\/v2\/comments?post=18792"}],"version-history":[{"count":22,"href":"https:\/\/smartbe.be\/fr\/wp-json\/wp\/v2\/posts\/18792\/revisions"}],"predecessor-version":[{"id":20988,"href":"https:\/\/smartbe.be\/fr\/wp-json\/wp\/v2\/posts\/18792\/revisions\/20988"}],"wp:featuredmedia":[{"embeddable":true,"href":"https:\/\/smartbe.be\/fr\/wp-json\/wp\/v2\/media\/20963"}],"wp:attachment":[{"href":"https:\/\/smartbe.be\/fr\/wp-json\/wp\/v2\/media?parent=18792"}],"wp:term":[{"taxonomy":"category","embeddable":true,"href":"https:\/\/smartbe.be\/fr\/wp-json\/wp\/v2\/categories?post=18792"},{"taxonomy":"post_tag","embeddable":true,"href":"https:\/\/smartbe.be\/fr\/wp-json\/wp\/v2\/tags?post=18792"}],"curies":[{"name":"wp","href":"https:\/\/api.w.org\/{rel}","templated":true}]}}