
{"id":18445,"date":"2017-03-20T12:05:02","date_gmt":"2017-03-20T11:05:02","guid":{"rendered":"http:\/\/smartbe.be\/fr\/?p=18445"},"modified":"2017-04-24T16:06:25","modified_gmt":"2017-04-24T15:06:25","slug":"offre-demploi-responsable-hf-de-la-communication-cdi-poste-base-bruxelles","status":"publish","type":"post","link":"https:\/\/smartbe.be\/fr\/news\/offre-demploi-responsable-hf-de-la-communication-cdi-poste-base-bruxelles\/","title":{"rendered":"Offre d&#8217;emploi: responsable (H\/F) de la communication &#8211; CDI &#8211; Poste bas\u00e9 \u00e0 Bruxelles"},"content":{"rendered":"<p>Depuis sa cr\u00e9ation en 1998, Smart accompagne quelque 75.000 porteurs de projets dans la gestion de leurs activit\u00e9s professionnelles \u00e0 travers 12 bureaux en Belgique et 8 pays d\u2019Europe, en leur proposant une solution originale pour cr\u00e9er leur emploi salari\u00e9 en d\u00e9veloppant leur propre activit\u00e9 \u00e9conomique. Nos membres sont des travailleurs autonomes qui souhaitent obtenir un revenu r\u00e9gulier ou occasionnel en \u00e9change de prestations dans des secteurs tr\u00e8s divers: artistique, intellectuel, artisanal \u2026 pour le compte d\u2019une multitude de clients.<\/p>\n<p>SMart offre un ensemble d\u2019outils et de services: interface de gestion en ligne, conseil individuel, soutien \u00e0 la production, formations, financement participatif, mise \u00e0 disposition d\u2019espaces de travail, assistance juridique, etc. Stimuler les collaborations et cr\u00e9er une communaut\u00e9 solidaire constituent le c\u0153ur des missions de l\u2019entreprise Smart.<\/p>\n<p>S\u2019adaptant de pr\u00e8s aux mutations du monde du travail dans une approche de terrain, Smart a entam\u00e9 depuis deux ans une red\u00e9finition globale de son projet via une d\u00e9marche participative de r\u00e9flexion et de consultations incluant tous les acteurs de la <a href=\"https:\/\/smartbe.be\/fr\/smart-progress\/\">coop\u00e9rative <\/a>nouvellement cr\u00e9\u00e9e . C\u2019est dans le cadre de ce nouveau souffle qu\u2019il est n\u00e9cessaire pour Smart d\u2019am\u00e9liorer sa communication, en red\u00e9finissant notamment les cibles aupr\u00e8s de nos publics (utilisateurs du service, institutions, clients, partenaires, etc).<\/p>\n<p>Pour ce faire, nous sommes \u00e0 la recherche d\u2019un(e) <strong>Responsable de communication<\/strong>\u00a0rattach\u00e9(e) \u00e0 la Direction \u00ab D\u00e9veloppement et Strat\u00e9gie \u00bb (<em>DDS<\/em>)<\/p>\n<p>Notre futur(e) responsable de la communication participera \u00e0 la mise en \u0153uvre d&rsquo;un projet ambitieux de transformation sociale visant \u00e0 am\u00e9liorer l&rsquo;acc\u00e8s \u00e0 une protection sociale des travailleurs autonomes en Europe.<\/p>\n<p><strong>Description du poste \u2013\u00a0CDI \u2013 Poste bas\u00e9 \u00e0 Bruxelles<\/strong><\/p>\n<p>Le (la) responsable de la communication int\u00e8gre l\u2019\u00e9quipe de Bruxelles, sous la responsabilit\u00e9 du Directeur du d\u00e9veloppement et de la strat\u00e9gie.\u00a0Il (elle) a en charge la r\u00e9alisation de diverses missions, allant de la strat\u00e9gie \u00e0 la r\u00e9daction en passant par la production, en lien direct avec un infographiste et un profil administratif \u00e0 orientation communication :<\/p>\n<ul>\n<li>Participer \u00e0 la d\u00e9finition de la politique de communication au regard des objectifs strat\u00e9giques globaux de l\u2019entreprise, en contact \u00e9troit avec la Direction g\u00e9n\u00e9rale et la DDS<\/li>\n<li>B\u00e2tir un plan de communication annuel et en coordonner la mise en \u0153uvre (fixer les objectifs en lien avec sa direction, et \u00e9valuer leur r\u00e9alisation)<\/li>\n<li>Assurer une veille (institutionnelle et de terrain) sur le march\u00e9, analyser les tendances et la presse<\/li>\n<li>Concevoir et mettre en \u0153uvre les actions de communication aupr\u00e8s des diff\u00e9rents publics cibl\u00e9s par l\u2019entreprise (interne et externe)<\/li>\n<li>R\u00e9diger les diff\u00e9rents supports de communication (brochures, affiches, r\u00e9seaux sociaux, communiqu\u00e9s de presse, annonces, newsletters, etc). Coordonner la r\u00e9alisation de ces supports<\/li>\n<li>Coordonner l\u2019animation et la mise \u00e0 jour du site web<\/li>\n<li>G\u00e9rer les contacts avec les diff\u00e9rents fournisseurs\/prestataires (en ce inclus: suivi de budgets et n\u00e9gociations)<\/li>\n<\/ul>\n<p>Il\/elle est appuy\u00e9(e) par une \u00e9quipe ressource et b\u00e9n\u00e9ficie d\u00e8s son int\u00e9gration d\u2019une formation aux processus internes et outils de la coop\u00e9rative.<\/p>\n<p><strong>Profil<\/strong><\/p>\n<p><strong>\u25ba Formation<\/strong>\/<strong>\u00a0Niveau d\u2019exp\u00e9rience<\/strong><\/p>\n<p>Niveau minimum\u00a0: Dipl\u00f4m\u00e9 en Communication (Universit\u00e9 ou Haute \u00e9cole).<\/p>\n<p>Exp\u00e9rience de travail dans une fonction analogue d\u2019au moins 10 ans.<\/p>\n<p><strong>\u25ba Qualit\u00e9s recherch\u00e9es<\/strong><\/p>\n<ul>\n<li>Polyvalence, cr\u00e9ativit\u00e9, autonomie et curiosit\u00e9<\/li>\n<li>Contact facile, aisance relationnelle et disponibilit\u00e9 (capacit\u00e9 \u00e0 f\u00e9d\u00e9rer les soci\u00e9taires de la coop\u00e9rative en interne et en externe autour de l\u2019identit\u00e9 positive de l\u2019entreprise)<\/li>\n<li>Approche strat\u00e9gique et internationale<\/li>\n<li>Ma\u00eetrise des techniques de communication \u00e9crite et orale &#8211; aisance r\u00e9dactionnelle<\/li>\n<li>Ma\u00eetrise des principaux outils bureautiques et de communication<\/li>\n<li>Trilingue Fran\u00e7ais\/N\u00e9erlandais\/Anglais<\/li>\n<li>La connaissance d\u2019un CMS de type WordPress est un atout<\/li>\n<\/ul>\n<p><strong>Nous offrons<\/strong><\/p>\n<ul>\n<li>Un contrat \u00e0 temps plein (38h semaine) \u00e0 dur\u00e9e ind\u00e9termin\u00e9e.<\/li>\n<li>Un salaire attractif et des avantages extra-l\u00e9gaux\u00a0: ch\u00e8ques-repas, remboursement des frais de gsm, pension extra-l\u00e9gale<\/li>\n<li>Un environnement de travail agr\u00e9able au sein d\u2019une entreprise en pleine croissance.<\/li>\n<\/ul>\n<p><strong>Int\u00e9ress\u00e9(e) ?<\/strong><\/p>\n<p>Veuillez envoyer votre lettre de motivation accompagn\u00e9e d\u2019un CV d\u00e9taill\u00e9 avant le\u00a0<strong>17\/04\/2017\u00a0<\/strong>par mail \u00e0 &#x6a;&#x6f;&#x62;&#x73;&#x40;<span class=\"oe_displaynone\">null<\/span>&#x73;&#x6d;&#x61;&#x72;&#x74;&#x2e;&#x63;&#x6f;&#x6f;&#x70; ou par courrier \u00e0 Smart \u2013 Dirk Carron (RH) \u2013 Rue Emile F\u00e9ron 70 \u2013 1060 Bruxelles.<\/p>\n<p>Plus de renseignements sur cette offre d\u2019emploi\u00a0? Contactez\u00a0: Frisia DONDERS (&#x64;&#x6f;&#x66;&#x40;<span class=\"oe_displaynone\">null<\/span>&#x73;&#x6d;&#x61;&#x72;&#x74;&#x2e;&#x63;&#x6f;&#x6f;&#x70;) ou 02\/542 19 81<\/p>","protected":false},"excerpt":{"rendered":"<p>Depuis sa cr\u00e9ation en 1998, Smart accompagne quelque 75.000 porteurs de projets dans la gestion de leurs activit\u00e9s professionnelles \u00e0 travers 12 bureaux en Belgique et 8 pays d\u2019Europe, en leur proposant une solution originale pour cr\u00e9er leur emploi salari\u00e9 &hellip;<\/p>\n","protected":false},"author":7,"featured_media":16510,"comment_status":"closed","ping_status":"closed","sticky":false,"template":"","format":"standard","meta":{"footnotes":""},"categories":[153],"tags":[],"class_list":["post-18445","post","type-post","status-publish","format-standard","has-post-thumbnail","hentry","category-appel-a-projets"],"aioseo_notices":[],"_links":{"self":[{"href":"https:\/\/smartbe.be\/fr\/wp-json\/wp\/v2\/posts\/18445","targetHints":{"allow":["GET"]}}],"collection":[{"href":"https:\/\/smartbe.be\/fr\/wp-json\/wp\/v2\/posts"}],"about":[{"href":"https:\/\/smartbe.be\/fr\/wp-json\/wp\/v2\/types\/post"}],"author":[{"embeddable":true,"href":"https:\/\/smartbe.be\/fr\/wp-json\/wp\/v2\/users\/7"}],"replies":[{"embeddable":true,"href":"https:\/\/smartbe.be\/fr\/wp-json\/wp\/v2\/comments?post=18445"}],"version-history":[{"count":6,"href":"https:\/\/smartbe.be\/fr\/wp-json\/wp\/v2\/posts\/18445\/revisions"}],"predecessor-version":[{"id":18463,"href":"https:\/\/smartbe.be\/fr\/wp-json\/wp\/v2\/posts\/18445\/revisions\/18463"}],"wp:featuredmedia":[{"embeddable":true,"href":"https:\/\/smartbe.be\/fr\/wp-json\/wp\/v2\/media\/16510"}],"wp:attachment":[{"href":"https:\/\/smartbe.be\/fr\/wp-json\/wp\/v2\/media?parent=18445"}],"wp:term":[{"taxonomy":"category","embeddable":true,"href":"https:\/\/smartbe.be\/fr\/wp-json\/wp\/v2\/categories?post=18445"},{"taxonomy":"post_tag","embeddable":true,"href":"https:\/\/smartbe.be\/fr\/wp-json\/wp\/v2\/tags?post=18445"}],"curies":[{"name":"wp","href":"https:\/\/api.w.org\/{rel}","templated":true}]}}