
{"id":18403,"date":"2017-03-15T16:14:14","date_gmt":"2017-03-15T15:14:14","guid":{"rendered":"http:\/\/smartbe.be\/fr\/?p=18403"},"modified":"2017-05-24T16:24:37","modified_gmt":"2017-05-24T15:24:37","slug":"trois-sessions-dinfo-smart-mode-demploi-en-province-du-luxembourg","status":"publish","type":"post","link":"https:\/\/smartbe.be\/fr\/news\/trois-sessions-dinfo-smart-mode-demploi-en-province-du-luxembourg\/","title":{"rendered":"Trois sessions d&rsquo;info \u00ab\u00a0Smart: mode d&#8217;emploi\u00a0\u00bb en province de Luxembourg + RDV"},"content":{"rendered":"<p>Les 28 mars, 27 avril et 24 mai prochains, vous pourrez d\u00e9couvrir le fonctionnement de nos services et outils le matin gr\u00e2ce \u00e0 la session d\u2019info \u2018Smart mode d\u2019emploi\u2019 (10-12h)\u00a0et\/ou rencontrer nos conseillers l\u2019apr\u00e8s-midi sur RDV (13h30, 14h30, 15h30).<\/p>\n<h3>En pratique<\/h3>\n<ul>\n<li>Le\u00a028 mars \u00e0 <a href=\"http:\/\/www.maison-culture-arlon.be\/\" target=\"_blank\">la Maison de la Culture d\u2019Arlon<\/a>, Parc des Expositions 1, 6700 Arlon<\/li>\n<li>Le 27 avril \u00e0 <a href=\"http:\/\/www.maisondelaculture.marche.be\/\" target=\"_blank\">la Maison de la Culture Famenne Ardenne<\/a> (<a href=\"http:\/\/www.maisondelaculture.marche.be\/le-tiroir-des-saveurs\/\" target=\"_blank\">Brasserie Le Tiroir des Saveurs<\/a>), Chauss\u00e9e de l\u2019Ourthe 74, 6900 Marche-en-Famenne<\/li>\n<li>Le 24 mai au <a href=\"http:\/\/www.province.luxembourg.be\/fr\/mise-a-disposition-de-locaux-du-palais-abbatial-de-saint-hubert.html?IDC=4437&amp;IDD=91444#.WMerASspUfA\" target=\"_blank\">Palais Abbatial de Saint Hubert<\/a> (salle A), Place de l\u2019abbaye 12, 6870 Saint-Hubert<\/li>\n<\/ul>\n<p>\u25baPour prendre rendez-vous avec les conseillers pr\u00e9sents l\u2019apr\u00e8s-midi apr\u00e8s la session d\u2019info, vous pouvez contacter:<\/p>\n<ul>\n<li>Alain ou H\u00e9lo\u00efse \u00e0 l\u2019antenne de Smart Namur\u00a0: 081\/ 58 12 60<\/li>\n<li>D\u00e9borah ou Val\u00e9rie \u00e0 l\u2019antenne de Smart Li\u00e8ge\u00a0: 04\/342 71 15<\/li>\n<\/ul>\n<p>Plus d&rsquo;infos\u00a0:\u00a0<a href=\"mailto:&#x73;&#x6d;&#x61;&#x72;&#x74;&#x70;&#x72;&#x6f;&#x78;&#x6c;&#x75;&#x78;&#x40;&#x73;&#x6d;&#x61;&#x72;&#x74;&#x2e;&#x63;&#x6f;&#x6f;&#x70;\">&#x73;&#x6d;&#x61;&#x72;&#x74;&#x70;&#x72;&#x6f;&#x76;&#x6c;&#x75;&#x78;&#x40;<span class=\"oe_displaynone\">null<\/span>&#x73;&#x6d;&#x61;&#x72;&#x74;&#x2e;&#x63;&#x6f;&#x6f;&#x70;<\/a><\/p>","protected":false},"excerpt":{"rendered":"<p>Les 28 mars, 27 avril et 24 mai prochains, vous pourrez d\u00e9couvrir le fonctionnement de nos services et outils le matin gr\u00e2ce \u00e0 la session d\u2019info \u2018Smart mode d\u2019emploi\u2019 (10-12h)\u00a0et\/ou rencontrer nos conseillers l\u2019apr\u00e8s-midi sur RDV (13h30, 14h30, 15h30). En &hellip;<\/p>\n","protected":false},"author":52,"featured_media":18465,"comment_status":"closed","ping_status":"closed","sticky":false,"template":"","format":"standard","meta":{"footnotes":""},"categories":[153],"tags":[],"class_list":["post-18403","post","type-post","status-publish","format-standard","has-post-thumbnail","hentry","category-appel-a-projets"],"aioseo_notices":[],"_links":{"self":[{"href":"https:\/\/smartbe.be\/fr\/wp-json\/wp\/v2\/posts\/18403","targetHints":{"allow":["GET"]}}],"collection":[{"href":"https:\/\/smartbe.be\/fr\/wp-json\/wp\/v2\/posts"}],"about":[{"href":"https:\/\/smartbe.be\/fr\/wp-json\/wp\/v2\/types\/post"}],"author":[{"embeddable":true,"href":"https:\/\/smartbe.be\/fr\/wp-json\/wp\/v2\/users\/52"}],"replies":[{"embeddable":true,"href":"https:\/\/smartbe.be\/fr\/wp-json\/wp\/v2\/comments?post=18403"}],"version-history":[{"count":13,"href":"https:\/\/smartbe.be\/fr\/wp-json\/wp\/v2\/posts\/18403\/revisions"}],"predecessor-version":[{"id":18508,"href":"https:\/\/smartbe.be\/fr\/wp-json\/wp\/v2\/posts\/18403\/revisions\/18508"}],"wp:featuredmedia":[{"embeddable":true,"href":"https:\/\/smartbe.be\/fr\/wp-json\/wp\/v2\/media\/18465"}],"wp:attachment":[{"href":"https:\/\/smartbe.be\/fr\/wp-json\/wp\/v2\/media?parent=18403"}],"wp:term":[{"taxonomy":"category","embeddable":true,"href":"https:\/\/smartbe.be\/fr\/wp-json\/wp\/v2\/categories?post=18403"},{"taxonomy":"post_tag","embeddable":true,"href":"https:\/\/smartbe.be\/fr\/wp-json\/wp\/v2\/tags?post=18403"}],"curies":[{"name":"wp","href":"https:\/\/api.w.org\/{rel}","templated":true}]}}