
{"id":18089,"date":"2017-01-16T10:47:28","date_gmt":"2017-01-16T09:47:28","guid":{"rendered":"http:\/\/smartbe.be\/fr\/?p=18089"},"modified":"2017-01-24T11:10:03","modified_gmt":"2017-01-24T10:10:03","slug":"offre-demploi-smart-recherche-1-gestionnaire-administratif-bilingue-nlfr","status":"publish","type":"post","link":"https:\/\/smartbe.be\/fr\/news\/offre-demploi-smart-recherche-1-gestionnaire-administratif-bilingue-nlfr\/","title":{"rendered":"Offre d&#8217;emploi: Smart recherche 1 gestionnaire administratif bilingue (NL\/FR)"},"content":{"rendered":"<p>SMart regroupe plusieurs milliers de porteurs de projets, pour un chiffre d\u2019affaires consolid\u00e9 de 120M\u20ac et est au c\u0153ur du principal r\u00e9seau d\u2019entrepreneuriat salari\u00e9 en Europe dont l\u2019objectif est d\u2019offrir des solutions de s\u00e9curisation de l\u2019entrepreneuriat et de contribuer \u00e0 une d\u00e9marche de d\u00e9veloppement local durable.<\/p>\n<p>A la veille de son passage en coop\u00e9rative (en juin 2016), et partie prenante des r\u00e9seaux de l\u2019\u00e9conomie sociale et solidaire, Smart d\u00e9veloppe une forme innovante d\u2019organisation et d\u2019emploi, v\u00e9ritable alternative \u00e0 la cr\u00e9ation d\u2019entreprise individuelle.<\/p>\n<p><strong>Description du poste<\/strong><\/p>\n<p>L\u2019employ\u00e9 administratif int\u00e8gre l&rsquo;\u00e9quipe de Bruxelles, sous la responsabilit\u00e9 du directeur op\u00e9rationnel. \u00a0Il (elle) a en charge la r\u00e9alisation de diverses missions :<\/p>\n<p><strong>Mission principale\u00a0: Administration<\/strong><\/p>\n<ul>\n<li>Traitement (remplissage, encodage, validation) de documents divers\u00a0:<\/li>\n<li>Demande de d\u00e9tachement<\/li>\n<li>D\u00e9claration accidents<\/li>\n<li>Documents pour mutuelles<\/li>\n<li>Contrats<\/li>\n<li>Fiches d\u2019inscription<\/li>\n<li>Gestion de factures fournisseurs erron\u00e9es<\/li>\n<li>Gestion d\u2019adresses mails erron\u00e9es<\/li>\n<li>Gestion de l\u2019\u00e9conomat (commande et distribution du mat\u00e9riel du bureau)<\/li>\n<li>Classement et archivage des documents.<\/li>\n<\/ul>\n<p><strong>Mission secondaire (renfort ponctuel si n\u00e9cessaire)\u00a0: Accueil<\/strong><\/p>\n<ul>\n<li>G\u00e9rer et organiser l\u2019espace de l\u2019accueil<\/li>\n<li>Accueillir les membres\/visiteurs qui ont un rdv planifi\u00e9 et les diriger vers le bon endroit<\/li>\n<li>Donner une information de premi\u00e8re ligne sur nos services<\/li>\n<li>G\u00e9rer les agendas des salles de r\u00e9union<\/li>\n<li>Trier, r\u00e9ceptionner et envoyer le courrier.<\/li>\n<\/ul>\n<p>Il\/elle est appuy\u00e9(e) par une \u00e9quipe ressource, et b\u00e9n\u00e9ficie d\u00e8s son int\u00e9gration d&rsquo;une formation aux processus internes et outils de la coop\u00e9rative.<\/p>\n<p><strong>Profil<\/strong><\/p>\n<ul>\n<li><strong>Formation<\/strong>\/<strong> Niveau d\u2019exp\u00e9rience<\/strong><\/li>\n<\/ul>\n<p>Niveau minimum humanit\u00e9s sup\u00e9rieures ou exp\u00e9rience \u00e9quivalente.<\/p>\n<p>Exp\u00e9rience de travail dans une fonction analogue.<\/p>\n<ul>\n<li><strong>Qualit\u00e9s recherch\u00e9es<\/strong><\/li>\n<li>Rigueur<\/li>\n<li>Accueillant(e), contact facile avec tout type de public<\/li>\n<li>Calme, bonnes capacit\u00e9s d&rsquo;\u00e9coute, et de dialogue<\/li>\n<li>Aptitudes \u00e0 travailler en \u00e9quipe autonome<\/li>\n<li>R\u00e9sistance au stress et ouverture au changement<\/li>\n<li>Capacit\u00e9s d\u2019adaptation aux diff\u00e9rentes situations et personnes.<\/li>\n<\/ul>\n<p>La connaissance du n\u00e9erlandais est indispensable. La connaissance d\u2019une langue suppl\u00e9mentaire est un plus.<\/p>\n<p><strong>Nous offrons <\/strong><\/p>\n<ul>\n<li>Un contrat \u00e0 temps plein (38h semaine) \u00e0 dur\u00e9e ind\u00e9termin\u00e9e.<\/li>\n<li>Un salaire attractif et des avantages extra-l\u00e9gaux\u00a0: ch\u00e8ques-repas, remboursement des frais de gsm, pension extra-l\u00e9gale<\/li>\n<li>Un environnement de travail agr\u00e9able au sein d\u2019une entreprise en pleine croissance.<\/li>\n<\/ul>\n<p><strong>Int\u00e9ress\u00e9(e) ?<\/strong><\/p>\n<p>Veuillez envoyer votre lettre de motivation accompagn\u00e9e d\u2019un cv d\u00e9taill\u00e9 avant le <strong>10\/02\/2017 <\/strong>par mail \u00e0 <a href=\"mailto:&#x6a;&#x6f;&#x62;&#x73;&#x40;&#x73;&#x6d;&#x61;&#x72;&#x74;&#x2e;&#x63;&#x6f;&#x6f;&#x70;\">&#x6a;&#x6f;&#x62;&#x73;&#x40;<span class=\"oe_displaynone\">null<\/span>&#x73;&#x6d;&#x61;&#x72;&#x74;&#x2e;&#x63;&#x6f;&#x6f;&#x70;<\/a> ou par courrier \u00e0 Smart &#8211; Dirk Carron (RH) \u2013 Rue Emile F\u00e9ron 70 \u2013 1060 Bruxelles.<\/p>\n<p>\u25ba Plus de renseignements sur cette offre d\u2019emploi\u00a0? Contactez\u00a0: Ang\u00e9lique Thoelen \u2013 Adjointe \u00e0 la direction op\u00e9rationnelle, <a href=\"mailto:&#x74;&#x68;&#x61;&#x40;&#x73;&#x6d;&#x61;&#x72;&#x74;&#x2e;&#x63;&#x6f;&#x6f;&#x70;\">&#x74;&#x68;&#x61;&#x40;<span class=\"oe_displaynone\">null<\/span>&#x73;&#x6d;&#x61;&#x72;&#x74;&#x2e;&#x63;&#x6f;&#x6f;&#x70;<\/a> ou 02\/5421999.<\/p>","protected":false},"excerpt":{"rendered":"<p>SMart regroupe plusieurs milliers de porteurs de projets, pour un chiffre d\u2019affaires consolid\u00e9 de 120M\u20ac et est au c\u0153ur du principal r\u00e9seau d\u2019entrepreneuriat salari\u00e9 en Europe dont l\u2019objectif est d\u2019offrir des solutions de s\u00e9curisation de l\u2019entrepreneuriat et de contribuer \u00e0 &hellip;<\/p>\n","protected":false},"author":6,"featured_media":17286,"comment_status":"closed","ping_status":"closed","sticky":false,"template":"","format":"standard","meta":{"footnotes":""},"categories":[15],"tags":[],"class_list":["post-18089","post","type-post","status-publish","format-standard","has-post-thumbnail","hentry","category-annonces"],"aioseo_notices":[],"_links":{"self":[{"href":"https:\/\/smartbe.be\/fr\/wp-json\/wp\/v2\/posts\/18089","targetHints":{"allow":["GET"]}}],"collection":[{"href":"https:\/\/smartbe.be\/fr\/wp-json\/wp\/v2\/posts"}],"about":[{"href":"https:\/\/smartbe.be\/fr\/wp-json\/wp\/v2\/types\/post"}],"author":[{"embeddable":true,"href":"https:\/\/smartbe.be\/fr\/wp-json\/wp\/v2\/users\/6"}],"replies":[{"embeddable":true,"href":"https:\/\/smartbe.be\/fr\/wp-json\/wp\/v2\/comments?post=18089"}],"version-history":[{"count":3,"href":"https:\/\/smartbe.be\/fr\/wp-json\/wp\/v2\/posts\/18089\/revisions"}],"predecessor-version":[{"id":18102,"href":"https:\/\/smartbe.be\/fr\/wp-json\/wp\/v2\/posts\/18089\/revisions\/18102"}],"wp:featuredmedia":[{"embeddable":true,"href":"https:\/\/smartbe.be\/fr\/wp-json\/wp\/v2\/media\/17286"}],"wp:attachment":[{"href":"https:\/\/smartbe.be\/fr\/wp-json\/wp\/v2\/media?parent=18089"}],"wp:term":[{"taxonomy":"category","embeddable":true,"href":"https:\/\/smartbe.be\/fr\/wp-json\/wp\/v2\/categories?post=18089"},{"taxonomy":"post_tag","embeddable":true,"href":"https:\/\/smartbe.be\/fr\/wp-json\/wp\/v2\/tags?post=18089"}],"curies":[{"name":"wp","href":"https:\/\/api.w.org\/{rel}","templated":true}]}}