
{"id":17645,"date":"2016-12-19T16:21:35","date_gmt":"2016-12-19T15:21:35","guid":{"rendered":"http:\/\/smartbe.be\/nl\/?p=17645"},"modified":"2016-12-23T15:51:21","modified_gmt":"2016-12-23T14:51:21","slug":"save-date-conference-coop-internet-economy-les-plateformes-cooperatives-bxl-93","status":"publish","type":"post","link":"https:\/\/smartbe.be\/fr\/news\/save-date-conference-coop-internet-economy-les-plateformes-cooperatives-bxl-93\/","title":{"rendered":"Save the date &#8211; Conf\u00e9rence: \u00ab\u00a0How to coop the internet economy\u00a0\u00bb &#8211; BXL 9\/3"},"content":{"rendered":"<p>[Intro]Pas une semaine ne se passe sans l\u2019annonce du lancement, \u00e0 Bruxelles ou ailleurs, d\u2019une nouvelle plateforme d\u2019\u00e9conomie collaborative. On en parle le 9 mars prochain en compagnie de Febecoop.[\\Intro]<\/p>\n<p>Mise en contact d\u2019ind\u00e9pendants \u00e0 la recherche de bureaux et d\u2019entreprises disposant de bureaux vides, mise en place d\u2019une flotte de voitures partag\u00e9es, mise en relation de restaurants et de livreurs ; chaque nouvelle initiative semble combler un vide de fa\u00e7on innovante. Certaines de ces plateformes collaboratives, dont Uber et AirBnB repr\u00e9sentent sans doute \u00e0 ce jour les sp\u00e9cimens les plus aboutis ou du moins les plus connus, ont simultan\u00e9ment d\u00e9voil\u00e9<strong> le mod\u00e8le \u00e9conomique extr\u00eamement pr\u00e9dateur<\/strong> sur lequel ils reposent.<\/p>\n<p>En marge de cette tendance lourde, des producteurs, des travailleurs et des utilisateurs s\u2019allient un peu partout dans le monde pour d\u00e9velopper leurs propres outils num\u00e9riques, dans l\u2019id\u00e9e de satisfaire prioritairement un besoin commun, de se partager les \u00e9ventuels b\u00e9n\u00e9fices de fa\u00e7on \u00e9quitable et de r\u00e9mun\u00e9rer correctement le travail.\u00a0Ce faisant, ils renouent avec les fondements de la coop\u00e9ration \u00e9conomique et posent <strong>les bases d\u2019un entrepreneuriat coop\u00e9ratif 2.0<\/strong>.<\/p>\n<p>Le <strong>9 mars 2017<\/strong>, Febecoop organise, en collaboration avec Smart et Netwerk Bewust Verbruiken, une conf\u00e9rence sur ce \u00ab<strong>platform cooperativism<\/strong>\u00bb en \u00e9mergence. Nous donnerons la parole \u00e0 quelques ambassadeurs de ce mouvement et mettrons en lumi\u00e8re des initiatives particuli\u00e8rement inspirantes.<\/p>\n<p>\u25ba Inscriptions \u00e0 partir de 9\/1\/2017.<br \/>\n\u25ba Pour en savoir plus sur les conf\u00e9renciers: cliquez <a href=\"http:\/\/febecoop.be\/fr\/cases\/conference-sur-les-plateformes-cooperatives\/\" target=\"_blank\">ici<\/a>.<\/p>","protected":false},"excerpt":{"rendered":"<p>[Intro]Pas une semaine ne se passe sans l\u2019annonce du lancement, \u00e0 Bruxelles ou ailleurs, d\u2019une nouvelle plateforme d\u2019\u00e9conomie collaborative. On en parle le 9 mars prochain en compagnie de Febecoop.[\\Intro] Mise en contact d\u2019ind\u00e9pendants \u00e0 la recherche de bureaux et &hellip;<\/p>\n","protected":false},"author":7,"featured_media":17637,"comment_status":"closed","ping_status":"closed","sticky":false,"template":"","format":"standard","meta":{"footnotes":""},"categories":[1],"tags":[],"class_list":["post-17645","post","type-post","status-publish","format-standard","has-post-thumbnail","hentry","category-uncategorized"],"aioseo_notices":[],"_links":{"self":[{"href":"https:\/\/smartbe.be\/fr\/wp-json\/wp\/v2\/posts\/17645","targetHints":{"allow":["GET"]}}],"collection":[{"href":"https:\/\/smartbe.be\/fr\/wp-json\/wp\/v2\/posts"}],"about":[{"href":"https:\/\/smartbe.be\/fr\/wp-json\/wp\/v2\/types\/post"}],"author":[{"embeddable":true,"href":"https:\/\/smartbe.be\/fr\/wp-json\/wp\/v2\/users\/7"}],"replies":[{"embeddable":true,"href":"https:\/\/smartbe.be\/fr\/wp-json\/wp\/v2\/comments?post=17645"}],"version-history":[{"count":4,"href":"https:\/\/smartbe.be\/fr\/wp-json\/wp\/v2\/posts\/17645\/revisions"}],"predecessor-version":[{"id":17729,"href":"https:\/\/smartbe.be\/fr\/wp-json\/wp\/v2\/posts\/17645\/revisions\/17729"}],"wp:featuredmedia":[{"embeddable":true,"href":"https:\/\/smartbe.be\/fr\/wp-json\/wp\/v2\/media\/17637"}],"wp:attachment":[{"href":"https:\/\/smartbe.be\/fr\/wp-json\/wp\/v2\/media?parent=17645"}],"wp:term":[{"taxonomy":"category","embeddable":true,"href":"https:\/\/smartbe.be\/fr\/wp-json\/wp\/v2\/categories?post=17645"},{"taxonomy":"post_tag","embeddable":true,"href":"https:\/\/smartbe.be\/fr\/wp-json\/wp\/v2\/tags?post=17645"}],"curies":[{"name":"wp","href":"https:\/\/api.w.org\/{rel}","templated":true}]}}