
{"id":17468,"date":"2016-10-24T13:29:41","date_gmt":"2016-10-24T12:29:41","guid":{"rendered":"http:\/\/smartbe.be\/fr\/?p=17468"},"modified":"2016-12-05T12:01:33","modified_gmt":"2016-12-05T11:01:33","slug":"conference-vers-une-economie-collaborative-equitable-et-participative-le-role-et-la-place-des-plateformes-cooperatives-bxl-512","status":"publish","type":"post","link":"https:\/\/smartbe.be\/fr\/news\/conference-vers-une-economie-collaborative-equitable-et-participative-le-role-et-la-place-des-plateformes-cooperatives-bxl-512\/","title":{"rendered":"Conf\u00e9rence: \u00ab\u00a0Vers une \u00e9conomie collaborative \u00e9quitable et participative : le r\u00f4le et la place des plateformes coop\u00e9ratives\u00a0\u00bb &#8211; BXL 5\/12"},"content":{"rendered":"<p>Peut-on faire mieux que d\u00e9crire les dangers de concentration et de captation de la valeur par des firmes toutes puissantes de\u00a0 la mutation num\u00e9rique et tenter de les ma\u00eetriser, voire de les devancer\u00a0? quelles solutions \u00ab\u00a0en communs\u00a0\u00bb\u00a0? l\u2019\u00e9conomie sociale et solidaire, avec ses formes d\u2019organisations \u00e9conomiques et sociales collectives, mutuelles, coop\u00e9ratives, associations, peut-elle y contribuer\u00a0?\u00a0Le mouvement lanc\u00e9 fin 2015 \u00e0 New-York par Nathan Schneider et Trebor Scholz en faveur de plateformes coop\u00e9ratives gouvern\u00e9es par leurs utilisateurs, redistribuant la valeur dans les communaut\u00e9s qu\u2019elles animent a trouv\u00e9 \u00e9cho dans les mouvements qui, en Europe, militent pour une \u00e9conomie num\u00e9rique de justice et de partage.<\/p>\n<p>Le mod\u00e8le coop\u00e9ratif semble \u00eatre la solution pour construire un internet social et solidaire. Les nouvelles pratiques d\u00e9centralis\u00e9es et de partage sur internet (et d\u2019autres outils comme la blockchain) sont de nature \u00e0 permettre \u00e0 l\u2019ESS de se r\u00e9inventer.\u00a0Dans quelle mesure les plateformes coop\u00e9ratives ouvertes peuvent-elles faire partie int\u00e9grante d&rsquo;un projet politique europ\u00e9en? Sans \u00eatre la panac\u00e9e, communs et ESS peuvent-ils contribuer \u00e0 la fois \u00e0 faire face aux al\u00e9as de la transition et proposer des mod\u00e8les alternatifs\u00a0? quels sont les cadres l\u00e9gislatifs et les politiques publiques n\u00e9cessaires\u00a0: droit du travail et des contrats, droit de la concurrence, propri\u00e9t\u00e9 et protection des donn\u00e9es, fiscalit\u00e9\u00a0?\u00a0Et, last but not least\u2026 comment favoriser l\u2019essor de ces nouvelles coop\u00e9ratives ou mutuelles\u00a0? comment les incuber\u00a0? quels mod\u00e8les d\u2019affaires\u00a0? comment les financer\u00a0? peut-on pousser des propositions europ\u00e9ennes\u00a0?<\/p>\n<p>Notre administrateur d\u00e9l\u00e9gu\u00e9 Sandrino Graceffa participe \u00e0 cette journ\u00e9e de r\u00e9flexion, notamment aux c\u00f4t\u00e9s de\u00a0Michel Bauwens, Trebor Scholz et Pat Conaty. \u00a0Notre coll\u00e8gue Agn\u00e8s Grayet interviendra \u00e9galement au sujet de <a href=\"http:\/\/www.dynamocoop.be\/\" target=\"_blank\">Dynamocoop<\/a>, projet dont nous sommes partenaires.<\/p>\n<p>\u25ba Pour le programme complet et les d\u00e9tails pratiques,\u00a0<a href=\"http:\/\/confrontations.org\/events\/vers-une-economie-collaborative-equitable-et-participative-le-role-et-la-place-des-plateformes-cooperatives\" target=\"_blank\">cliquez ici<\/a>.<br \/>\n\u25ba Pour vous inscrire gratuitement, c&rsquo;est <a href=\"https:\/\/docs.google.com\/forms\/d\/e\/1FAIpQLSefBPRaPs1b0aTxVNcGShN11yN-KbikvDNz6lClAS6V21np-Q\/viewform\" target=\"_blank\">par ici<\/a>.<\/p>","protected":false},"excerpt":{"rendered":"<p>Peut-on faire mieux que d\u00e9crire les dangers de concentration et de captation de la valeur par des firmes toutes puissantes de\u00a0 la mutation num\u00e9rique et tenter de les ma\u00eetriser, voire de les devancer\u00a0? quelles solutions \u00ab\u00a0en communs\u00a0\u00bb\u00a0? l\u2019\u00e9conomie sociale et &hellip;<\/p>\n","protected":false},"author":6,"featured_media":17469,"comment_status":"closed","ping_status":"closed","sticky":false,"template":"","format":"standard","meta":{"footnotes":""},"categories":[15],"tags":[],"class_list":["post-17468","post","type-post","status-publish","format-standard","has-post-thumbnail","hentry","category-annonces"],"aioseo_notices":[],"_links":{"self":[{"href":"https:\/\/smartbe.be\/fr\/wp-json\/wp\/v2\/posts\/17468","targetHints":{"allow":["GET"]}}],"collection":[{"href":"https:\/\/smartbe.be\/fr\/wp-json\/wp\/v2\/posts"}],"about":[{"href":"https:\/\/smartbe.be\/fr\/wp-json\/wp\/v2\/types\/post"}],"author":[{"embeddable":true,"href":"https:\/\/smartbe.be\/fr\/wp-json\/wp\/v2\/users\/6"}],"replies":[{"embeddable":true,"href":"https:\/\/smartbe.be\/fr\/wp-json\/wp\/v2\/comments?post=17468"}],"version-history":[{"count":1,"href":"https:\/\/smartbe.be\/fr\/wp-json\/wp\/v2\/posts\/17468\/revisions"}],"predecessor-version":[{"id":17470,"href":"https:\/\/smartbe.be\/fr\/wp-json\/wp\/v2\/posts\/17468\/revisions\/17470"}],"wp:featuredmedia":[{"embeddable":true,"href":"https:\/\/smartbe.be\/fr\/wp-json\/wp\/v2\/media\/17469"}],"wp:attachment":[{"href":"https:\/\/smartbe.be\/fr\/wp-json\/wp\/v2\/media?parent=17468"}],"wp:term":[{"taxonomy":"category","embeddable":true,"href":"https:\/\/smartbe.be\/fr\/wp-json\/wp\/v2\/categories?post=17468"},{"taxonomy":"post_tag","embeddable":true,"href":"https:\/\/smartbe.be\/fr\/wp-json\/wp\/v2\/tags?post=17468"}],"curies":[{"name":"wp","href":"https:\/\/api.w.org\/{rel}","templated":true}]}}