
{"id":17440,"date":"2016-10-21T13:25:21","date_gmt":"2016-10-21T12:25:21","guid":{"rendered":"http:\/\/smartbe.be\/fr\/?p=17440"},"modified":"2017-04-25T14:27:00","modified_gmt":"2017-04-25T13:27:00","slug":"sortie-de-louvrage-refaire-le-monde-du-travail","status":"publish","type":"post","link":"https:\/\/smartbe.be\/fr\/news\/sortie-de-louvrage-refaire-le-monde-du-travail\/","title":{"rendered":"L&rsquo;ouvrage \u00ab\u00a0Refaire le monde&#8230;du travail, une alternative \u00e0 l\u2019ub\u00e9risation de l\u2019\u00e9conomie\u00a0\u00bb en tourn\u00e9e!"},"content":{"rendered":"<p>Le contrat social du salariat bas\u00e9 sur la subordination en \u00e9change de protection a-t-il un avenir\u00a0? L\u2019emploi salari\u00e9 et la protection sociale r\u00e9sisteront-ils aux multiples tentatives \u00e0 l\u2019\u0153uvre visant toujours plus de flexibilit\u00e9 et moins de s\u00e9curit\u00e9\u00a0? Est-il vraiment indispensable que tous les travailleurs deviennent des entrepreneurs d\u2019eux-m\u00eames\u00a0?<\/p>\n<p>Alors que le spectre d\u2019une <strong>ub\u00e9risation croissante du monde du travail<\/strong> appara\u00eet pour certains comme une fatalit\u00e9, des voix s\u2019\u00e9l\u00e8vent pour exp\u00e9rimenter des alternatives cr\u00e9dibles, notamment au travers du mouvement des communs. Les nouvelles formes de <strong>coop\u00e9ratives de travail ouvertes<\/strong> peuvent-elles s\u2019imposer comme un v\u00e9ritable mod\u00e8le de pr\u00e9figuration d\u2019une soci\u00e9t\u00e9 post-capitaliste\u00a0?<\/p>\n<p><a href=\"https:\/\/www.linkedin.com\/in\/sandrino-graceffa?authType=NAME_SEARCH&amp;authToken=-7q7&amp;locale=en_US&amp;trk=tyah&amp;trkInfo=clickedVertical%3Amynetwork%2CclickedEntityId%3A349069242%2CauthType%3ANAME_SEARCH%2Cidx%3A1-1-1%2CtarId%3A1477303244441%2Ctas%3Asandrino%20grac\" target=\"_blank\">Sandrino Graceffa<\/a> analyse cette \u00e9volution du monde du travail en six chapitres; en annexe, le mod\u00e8le de Smart et son adaptation aux nouvelles r\u00e9alit\u00e9s sont diss\u00e9qu\u00e9s.<\/p>\n<h3>\u00c9v\u00e9nement(s) \u00e0 venir:<\/h3>\n<ul>\n<li>Le mardi 25 avril 10h00-12h00: <a href=\"https:\/\/www.facebook.com\/events\/273557869762752\/\">\u201cRefaire le monde \u2026 du travail\u00a0\u00bb<\/a> &#8211; rencontre \u00e0 l&rsquo;H\u00f4tel de ville\u00a0de Saint-Gilles.\u00a0Discussion avec <strong>Christophe Charlot<\/strong>\u00a0(Trends Tendances, auteur du livre <a href=\"http:\/\/uberizeme.be\/index.php\/livre\/\">UberizeME, l\u2019\u00e9conomie collaborative entre promesses et mensonges<\/a>) et <strong>Thierry van Campenhoudt<\/strong> (\u200e\u00c9chevin de l&rsquo;Urbanisme, de l&rsquo;Emploi &amp; de la Formation, de la Coh\u00e9sion sociale et de la Participation de Saint-Gilles).<br \/>\nPlus d&rsquo;informations et r\u00e9servations: Delphine Mendel\u00a0<a href=\"mailto:&#x64;&#x6d;&#x65;&#x6e;&#x64;&#x65;&#x6c;&#x40;&#x73;&#x74;&#x67;&#x69;&#x6c;&#x6c;&#x65;&#x73;&#x2e;&#x69;&#x72;&#x69;&#x73;&#x6e;&#x65;&#x74;&#x2e;&#x62;&#x65;\">&#x64;&#x6d;&#x65;&#x6e;&#x64;&#x65;&#x6c;&#x40;<span class=\"oe_displaynone\">null<\/span>&#x73;&#x74;&#x67;&#x69;&#x6c;&#x6c;&#x65;&#x73;&#x2e;&#x69;&#x72;&#x69;&#x73;&#x6e;&#x65;&#x74;&#x2e;&#x62;&#x65;<\/a><\/li>\n<\/ul>\n<p>Vous d\u00e9sirez commander le livre aupr\u00e8s des Editions Repas? <a href=\"http:\/\/editionsrepas.free.fr\/editions-repas-livre-refaire-le-monde-du-travail.html\" target=\"_blank\">Cliquez ici<\/a>!<br \/>\n\u25ba L&rsquo;ouvrage est \u00e9galement disponible \u00e0 prix co\u00fbtant (6\u20ac) pour nos membres, clients et partenaires \u00e0 l&rsquo;accueil de notre bureau de Bruxelles (70, rue Emile F\u00e9ron \u00e0 1060 Saint-Gilles &#8211; ouvert du lundi au vendredi de 9h \u00e0 17h).<br \/>\n\u25ba Pour consulter le dossier de presse autour de la sortie du livre, <a href=\"https:\/\/smartbe.be\/wordpress\/..\/wp-content\/uploads\/2016\/10\/Dossier-de-Presse-BE.pdf\" target=\"_blank\">cliquez ici<\/a>.<br \/>\n\u25ba Dans quelles librairies trouver l&rsquo;ouvrage?<br \/>\n<iframe loading=\"lazy\" src=\"https:\/\/www.google.com\/maps\/d\/embed?mid=1JUb9ogoVD3uSDzUpFHWchuv9icg\" width=\"640\" height=\"480\"><\/iframe><\/p>\n<h3>\u00c9v\u00e9nements pass\u00e9s<\/h3>\n<ul>\n<li>Le 16 novembre \u00e0 Bruxelles: \u00ab\u00a0<a href=\"http:\/\/www.pourlasolidarite.eu\/fr\/event\/linnovation-au-service-du-pouvoir-dagir\">L&rsquo;innovation au service du pouvoir d&rsquo;agir<\/a>\u00a0\u00bb\u00a0&#8211; rencontre organis\u00e9e par <a href=\"http:\/\/www.pourlasolidarite.eu\/\" target=\"_blank\">Pour la Solidarit\u00e9<\/a>.<\/li>\n<li>Le 18 novembre \u00e0 Pantin: \u00ab\u00a0<a href=\"http:\/\/www.cnfpt.fr\/se-former\/trouver-manifestation\/impacts-innovations-formations-initiales-professionnelles\/national\">Rencontre territoriale de la formation professionnelle: Impact des innovations sur les formations initiales et professionnelles<\/a>\u00ab\u00a0<\/li>\n<li>Le 19 novembre \u00e0 Beuvry: \u00ab\u00a0<a href=\"https:\/\/www.facebook.com\/events\/1131626653599767\/?ref=1&amp;action_history=%5B%7B%22surface%22%3A%22permalink%22%2C%22mechanism%22%3A%22surface%22%2C%22extra_data%22%3A%5B%5D%7D%5D\" data-testid=\"event-permalink-event-name\">Rencontre autour de Benoit Hamon \u00ab\u00a0travailler mieux, vivre mieux\u00a0\u00bb<\/a><\/li>\n<li>Le 5 d\u00e9cembre\u00a0\u00e0\u00a0Bruxelles: \u00ab\u00a0<a href=\"https:\/\/smartbe.be\/fr\/news\/conference-vers-une-economie-collaborative-equitable-et-participative-le-role-et-la-place-des-plateformes-cooperatives-bxl-512\/\">Conf\u00e9rence sur les plateformes num\u00e9riques coop\u00e9ratives: Vers une \u00e9conomie collaborative \u00e9quitable et participative : le r\u00f4le et la place des plateformes coop\u00e9ratives<\/a>\u00ab\u00a0<\/li>\n<li>Le 17 d\u00e9cembre de 16h \u00e0 17h \u00e0 Bruxelles: S\u00e9ance d\u00e9dicace et rencontre \u00e0 La <a href=\"http:\/\/www.lesediteurs.be\/\" target=\"_blank\">Librairie des Editeurs<\/a><\/li>\n<li>Le 20 janvier \u00e0 9h15 au <a href=\"http:\/\/www.social-bar.org\/\">Social Bar <\/a>\u00e0 Paris: Petit-d\u00e9jeuner rencontre sur l\u2019ub\u00e9risation de l\u2019\u00e9conomie<\/li>\n<li>Le 23 janvier de 19h \u00e0 20h \u00e0 Bruxelles: \u00ab\u00a0<a href=\"https:\/\/www.facebook.com\/events\/1094128537381225\/\">L&#8217;emploi, enfin! Refaire le monde du travail &amp; Uberize Me<\/a>\u00a0\u00bb d\u00e9bat avec <a href=\"http:\/\/uberizeme.be\/index.php\/qui-suis-je\/\">Christophe Charlot <\/a>&#8211; <a href=\"http:\/\/librairiecandide.tumblr.com\/\" target=\"_blank\">Librairie Candide<\/a><\/li>\n<li>Le 1er f\u00e9vrier de 17h30 \u00e0 19h \u00e0 Bruxelles: d\u00e9bat avec <a href=\"http:\/\/uberizeme.be\/index.php\/qui-suis-je\/\">Christophe Charlot <\/a>\u00a0et <a href=\"http:\/\/www.uberisation.org\/fr\/portfolio\/denis-jacquet-pr%C3%A9sente-louvrage-ub%C3%A9risation-un-ennemi-qui-vous-veut-du-bien\">Denis Jacquet<\/a>\u00a0&#8211; <a href=\"https:\/\/www.facebook.com\/events\/683728378454039\/\" target=\"_blank\">Librairie Filigranes<\/a><\/li>\n<li>Le mardi 28 f\u00e9vrier \u00e0 18h30: \u00ab\u00a0<a href=\"https:\/\/www.facebook.com\/events\/755586551264318\/\" target=\"_blank\">Le monde du travail change : changeons le monde du travail<\/a>\u00a0\u00bb &#8211; d\u00e9bat avec Sandrino Graceffa et Greg Pascon \u00e0 la librairie \u00ab\u00a0Livre aux Tr\u00e9sors\u00a0\u00bb \u00e0 Li\u00e8ge.<\/li>\n<li>Le lundi 20 mars \u00e0 19h: \u00ab\u00a0<a href=\"https:\/\/www.facebook.com\/events\/1321642381261734\/\">Quel avenir pour l\u2019emploi ?<\/a>\u00a0\u00bb rencontre \u00e0 librairie \u00ab\u00a0La Licorne\u00a0\u00bb \u00e0 Bruxelles.<\/li>\n<li>Le samedi 1er avril\u00a0\u00e0 16h: \u00ab\u00a0<a href=\"https:\/\/www.facebook.com\/events\/1902336526712598\/\">Quel avenir pour l\u2019emploi ?<\/a>\u00a0\u00bb rencontre \u00e0 la librairie \u00ab\u00a0La Procure\u00a0\u00bb \u00e0 Tournai.<\/li>\n<\/ul>\n<div id=\"mc_embed_signup\">\n<form id=\"mc-embedded-subscribe-form\" class=\"validate\" action=\"\/\/smartbe.us8.list-manage.com\/subscribe\/post?u=0d934dff68436120a131ebc5e&amp;id=40b9207747\" method=\"post\" name=\"mc-embedded-subscribe-form\" novalidate=\"\" target=\"_blank\">\n<div id=\"mc_embed_signup_scroll\">\n<h3>Int\u00e9ress\u00e9(e) par \u00ab\u00a0Refaire le monde&#8230;du travail &#8211; une alternative \u00e0 l\u2019ub\u00e9risation\u00a0de l\u2019\u00e9conomie\u00a0\u00bb?\u00a0Laissez-nous votre adresse mail, nous vous enverrons les infos sur les prochaines tables rondes\/conf\u00e9rences\/rencontres autour du livre.<\/h3>\n<div class=\"mc-field-group\"><label for=\"mce-EMAIL\">Adresse mail <span class=\"asterisk\">*<\/span><\/label><br \/>\n<input id=\"mce-EMAIL\" class=\"required email\" name=\"EMAIL\" type=\"email\" value=\"\" \/><\/div>\n<p><!-- real people should not fill this in and expect good things - do not remove this or risk form bot signups--><\/p>\n<div style=\"position: absolute; left: -5000px;\"><input tabindex=\"-1\" name=\"b_0d934dff68436120a131ebc5e_40b9207747\" type=\"text\" value=\"\" \/><\/div>\n<div class=\"clear\"><input id=\"mc-embedded-subscribe\" class=\"button\" name=\"subscribe\" type=\"submit\" value=\"Subscribe\" \/><\/div>\n<\/div>\n<\/form>\n<\/div>\n<p><script src=\"\/\/s3.amazonaws.com\/downloads.mailchimp.com\/js\/mc-validate.js\" type=\"text\/javascript\"><\/script><script type=\"text\/javascript\">\/\/ <![CDATA[ (function($) {window.fnames = new Array(); window.ftypes = new Array();fnames[0]='EMAIL';ftypes[0]='email'; \/* * Translated default messages for the $ validation plugin. * Locale: FR *\/ $.extend($.validator.messages, { required: \"Ce champ est requis.\", remote: \"Veuillez remplir ce champ pour continuer.\", email: \"Veuillez entrer une adresse email valide.\", url: \"Veuillez entrer une URL valide.\", date: \"Veuillez entrer une date valide.\", dateISO: \"Veuillez entrer une date valide (ISO).\", number: \"Veuillez entrer un nombre valide.\", digits: \"Veuillez entrer (seulement) une valeur num\u00e9rique.\", creditcard: \"Veuillez entrer un num\u00e9ro de carte de cr\u00e9dit valide.\", equalTo: \"Veuillez entrer une nouvelle fois la m\u00eame valeur.\", accept: \"Veuillez entrer une valeur avec une extension valide.\", maxlength: $.validator.format(\"Veuillez ne pas entrer plus de {0} caract\u00e8res.\"), minlength: $.validator.format(\"Veuillez entrer au moins {0} caract\u00e8res.\"), rangelength: $.validator.format(\"Veuillez entrer entre {0} et {1} caract\u00e8res.\"), range: $.validator.format(\"Veuillez entrer une valeur entre {0} et {1}.\"), max: $.validator.format(\"Veuillez entrer une valeur inf\u00e9rieure ou \u00e9gale \u00e0 {0}.\"), min: $.validator.format(\"Veuillez entrer une valeur sup\u00e9rieure ou \u00e9gale \u00e0 {0}.\") });}(jQuery));var $mcj = jQuery.noConflict(true); \/\/ ]]><\/script><\/p>","protected":false},"excerpt":{"rendered":"<p>Le contrat social du salariat bas\u00e9 sur la subordination en \u00e9change de protection a-t-il un avenir\u00a0? L\u2019emploi salari\u00e9 et la protection sociale r\u00e9sisteront-ils aux multiples tentatives \u00e0 l\u2019\u0153uvre visant toujours plus de flexibilit\u00e9 et moins de s\u00e9curit\u00e9\u00a0? Est-il vraiment indispensable &hellip;<\/p>\n","protected":false},"author":6,"featured_media":17441,"comment_status":"closed","ping_status":"closed","sticky":false,"template":"","format":"standard","meta":{"footnotes":""},"categories":[153],"tags":[],"class_list":["post-17440","post","type-post","status-publish","format-standard","has-post-thumbnail","hentry","category-appel-a-projets"],"aioseo_notices":[],"_links":{"self":[{"href":"https:\/\/smartbe.be\/fr\/wp-json\/wp\/v2\/posts\/17440","targetHints":{"allow":["GET"]}}],"collection":[{"href":"https:\/\/smartbe.be\/fr\/wp-json\/wp\/v2\/posts"}],"about":[{"href":"https:\/\/smartbe.be\/fr\/wp-json\/wp\/v2\/types\/post"}],"author":[{"embeddable":true,"href":"https:\/\/smartbe.be\/fr\/wp-json\/wp\/v2\/users\/6"}],"replies":[{"embeddable":true,"href":"https:\/\/smartbe.be\/fr\/wp-json\/wp\/v2\/comments?post=17440"}],"version-history":[{"count":35,"href":"https:\/\/smartbe.be\/fr\/wp-json\/wp\/v2\/posts\/17440\/revisions"}],"predecessor-version":[{"id":18820,"href":"https:\/\/smartbe.be\/fr\/wp-json\/wp\/v2\/posts\/17440\/revisions\/18820"}],"wp:featuredmedia":[{"embeddable":true,"href":"https:\/\/smartbe.be\/fr\/wp-json\/wp\/v2\/media\/17441"}],"wp:attachment":[{"href":"https:\/\/smartbe.be\/fr\/wp-json\/wp\/v2\/media?parent=17440"}],"wp:term":[{"taxonomy":"category","embeddable":true,"href":"https:\/\/smartbe.be\/fr\/wp-json\/wp\/v2\/categories?post=17440"},{"taxonomy":"post_tag","embeddable":true,"href":"https:\/\/smartbe.be\/fr\/wp-json\/wp\/v2\/tags?post=17440"}],"curies":[{"name":"wp","href":"https:\/\/api.w.org\/{rel}","templated":true}]}}