
{"id":17265,"date":"2016-09-14T11:24:56","date_gmt":"2016-09-14T10:24:56","guid":{"rendered":"http:\/\/smartbe.be\/fr\/?p=17265"},"modified":"2016-09-27T17:29:47","modified_gmt":"2016-09-27T16:29:47","slug":"wishes-fishes-expo-lavallee-bxl-7-2310","status":"publish","type":"post","link":"https:\/\/smartbe.be\/fr\/news\/wishes-fishes-expo-lavallee-bxl-7-2310\/","title":{"rendered":"\u00ab\u00a0If wishes were fishes\u00a0\u00bb: expo \u00e0 LaVall\u00e9e &#8211; BXL 7-23\/10"},"content":{"rendered":"<div><\/div>\n<div><\/div>\n<div><strong>Frederik Baur et Sina Hensel<\/strong>, deux plasticiens r\u00e9sidents au centre de cr\u00e9ation LaVall\u00e9e, invitent 18 artistes dont le travail fait \u00e9cho \u00e0\u00a0 leurs interrogations communes : quelles formes l\u2019art contemporain peut-il prendre dans notre contexte socio-politique\u00a0?\u00a0 L\u2019art doit-il en \u00eatre le reflet\u00a0? Les \u0153uvres sont-elles les enfants de leur temps comme le sont les artistes\u00a0?\u00a0Ces regards pluriels sur notre quotidien se traduisent \u00e0 travers <strong>des peintures, de l\u2019art textile, du dessin, du graphisme, des installations lumi\u00e8re et de la vid\u00e9o<\/strong>. Couleurs et formes seront le fil rouge de cette exposition que l\u2019on pourra aussi bien percevoir comme une seule et unique installation.Artistes de l&rsquo;exposition \u00ab\u00a0If wishes were fishes\u00a0\u00bb :\u00a0J\u00f6rg Baier, Maria Bauhofer, Katarina Baumann, Frederik Baur, Tim Bohlender, Corinne Chotycki, Katja Colling, Jonas Fleckenstein, Hanna Heinzelmann, Sina Hensel, Olga Jakob, Mimi Kunz, Carolin Lange, Lola L\u00e4ufer, Robert Loos, J\u00f6rg Nemela, Betty Rieckmann, Joel Roters, Stefan Stegmaier, Mark Venter.<\/div>\n<div><\/div>\n<div><strong>\u25ba Soutenez l\u2019organisation de l&rsquo;expo en participant \u00e0 <a href=\"https:\/\/www.kisskissbankbank.com\/if-wishes-were-fishes--2?ref=selection\" target=\"_blank\">la campagne de crowdfunding<\/a>!<\/strong><\/div>\n<div><\/div>\n<div><strong>En pratique<\/strong><\/div>\n<div>\u25ba O\u00f9 ? LaVall\u00e9e, 39 rue LaVall\u00e9e \u00e0 1080 Molenbeek<br \/>\n\u25ba Quand ?Du vendredi 7 au dimanche 23 octobre &#8211; expo accessible du jeudi au dimanche de 14h \u00e0 18h (entr\u00e9e libre).\u00a0Vernissage\u00a0le\u00a0vendredi 7\u00a0octobre.<\/div>\n<div>\u25ba Vous serez de la partie? Rejoignez <a href=\"https:\/\/business.facebook.com\/events\/238579613206976\/\" target=\"_blank\">l&rsquo;\u00e9v\u00e9nement Facebook<\/a>!<\/div>","protected":false},"excerpt":{"rendered":"<p>Frederik Baur et Sina Hensel, deux plasticiens r\u00e9sidents au centre de cr\u00e9ation LaVall\u00e9e, invitent 18 artistes dont le travail fait \u00e9cho \u00e0\u00a0 leurs interrogations communes : quelles formes l\u2019art contemporain peut-il prendre dans notre contexte socio-politique\u00a0?\u00a0 L\u2019art doit-il en \u00eatre &hellip;<\/p>\n","protected":false},"author":6,"featured_media":17277,"comment_status":"closed","ping_status":"closed","sticky":false,"template":"","format":"standard","meta":{"footnotes":""},"categories":[15],"tags":[],"class_list":["post-17265","post","type-post","status-publish","format-standard","has-post-thumbnail","hentry","category-annonces"],"aioseo_notices":[],"_links":{"self":[{"href":"https:\/\/smartbe.be\/fr\/wp-json\/wp\/v2\/posts\/17265","targetHints":{"allow":["GET"]}}],"collection":[{"href":"https:\/\/smartbe.be\/fr\/wp-json\/wp\/v2\/posts"}],"about":[{"href":"https:\/\/smartbe.be\/fr\/wp-json\/wp\/v2\/types\/post"}],"author":[{"embeddable":true,"href":"https:\/\/smartbe.be\/fr\/wp-json\/wp\/v2\/users\/6"}],"replies":[{"embeddable":true,"href":"https:\/\/smartbe.be\/fr\/wp-json\/wp\/v2\/comments?post=17265"}],"version-history":[{"count":4,"href":"https:\/\/smartbe.be\/fr\/wp-json\/wp\/v2\/posts\/17265\/revisions"}],"predecessor-version":[{"id":17303,"href":"https:\/\/smartbe.be\/fr\/wp-json\/wp\/v2\/posts\/17265\/revisions\/17303"}],"wp:featuredmedia":[{"embeddable":true,"href":"https:\/\/smartbe.be\/fr\/wp-json\/wp\/v2\/media\/17277"}],"wp:attachment":[{"href":"https:\/\/smartbe.be\/fr\/wp-json\/wp\/v2\/media?parent=17265"}],"wp:term":[{"taxonomy":"category","embeddable":true,"href":"https:\/\/smartbe.be\/fr\/wp-json\/wp\/v2\/categories?post=17265"},{"taxonomy":"post_tag","embeddable":true,"href":"https:\/\/smartbe.be\/fr\/wp-json\/wp\/v2\/tags?post=17265"}],"curies":[{"name":"wp","href":"https:\/\/api.w.org\/{rel}","templated":true}]}}