
{"id":16927,"date":"2016-08-08T13:46:38","date_gmt":"2016-08-08T12:46:38","guid":{"rendered":"http:\/\/smartbe.be\/fr\/?p=16927"},"modified":"2016-09-05T09:41:53","modified_gmt":"2016-09-05T08:41:53","slug":"appel-projets-exposez-au-marche-de-noel-louvain-la-neige-lln-2-1812","status":"publish","type":"post","link":"https:\/\/smartbe.be\/fr\/news\/appel-projets-exposez-au-marche-de-noel-louvain-la-neige-lln-2-1812\/","title":{"rendered":"Appel \u00e0 projets: exposez au march\u00e9 de No\u00ebl \u00ab\u00a0Louvain-la-Neige\u00a0\u00bb &#8211; LLN 2-18\/12"},"content":{"rendered":"<p class=\"null\"><\/p>\n<p class=\"null\">L\u2019objectif de l&rsquo;\u00e9v\u00e9nement: mettre\u00a0en avant un large choix de <strong>produits a<\/strong><strong>rtisanaux, originaux et\/ou locaux dans un cadre agr\u00e9able, chaleureux et festif<\/strong>. Afin de permettre \u00e0 un maximum de cr\u00e9ateurs et artisans de participer,\u00a0l&rsquo;asbl GCV propose en plus des <a href=\"http:\/\/www.louvainlaneige.be\/index.php\/inscription-exposants\" target=\"_blank\" data-cke-saved-href=\"http:\/\/www.louvainlaneige.be\/index.php\/inscription-exposants\">emplacements classiques<\/a>, un syst\u00e8me de <strong>chalets POP-UP<\/strong> pour une dur\u00e9e de 1, 2 ou 3 jours.\u00a0Le prix varie: 25\u20ac HTVA\/jour en semaine et\u00a050\u20ac HTVA\/jour\u00a0les\u00a0vendredis, samedis et\u00a0dimanches.<\/p>\n<p>\u25ba Envie de\u00a0participer? Envoyez-nous un mail \u00e0 <a href=\"mailto:projetslln@smartbe?subject=je%20souhaite%20participer%20%C3%A0%20LLNeige\" target=\"_blank\" data-cke-saved-href=\"mailto:projetslln@smartbe?subject=je%20souhaite%20participer%20%C3%A0%20LLNeige\">&#x70;&#x72;&#x6f;&#x6a;&#x65;&#x74;&#x73;&#x6c;&#x6c;&#x6e;&#x40;<span class=\"oe_displaynone\">null<\/span>&#x73;&#x6d;&#x61;&#x72;&#x74;&#x2e;&#x63;&#x6f;&#x6f;&#x70;<\/a> avec une br\u00e8ve description de vos produits \/ cr\u00e9ations\u00a0a<strong>vant le 5 septembre 2016<\/strong>.<\/p>","protected":false},"excerpt":{"rendered":"<p>L\u2019objectif de l&rsquo;\u00e9v\u00e9nement: mettre\u00a0en avant un large choix de produits artisanaux, originaux et\/ou locaux dans un cadre agr\u00e9able, chaleureux et festif. Afin de permettre \u00e0 un maximum de cr\u00e9ateurs et artisans de participer,\u00a0l&rsquo;asbl GCV propose en plus des emplacements classiques, &hellip;<\/p>\n","protected":false},"author":6,"featured_media":16928,"comment_status":"closed","ping_status":"closed","sticky":false,"template":"","format":"standard","meta":{"footnotes":""},"categories":[153],"tags":[],"class_list":["post-16927","post","type-post","status-publish","format-standard","has-post-thumbnail","hentry","category-appel-a-projets"],"aioseo_notices":[],"_links":{"self":[{"href":"https:\/\/smartbe.be\/fr\/wp-json\/wp\/v2\/posts\/16927","targetHints":{"allow":["GET"]}}],"collection":[{"href":"https:\/\/smartbe.be\/fr\/wp-json\/wp\/v2\/posts"}],"about":[{"href":"https:\/\/smartbe.be\/fr\/wp-json\/wp\/v2\/types\/post"}],"author":[{"embeddable":true,"href":"https:\/\/smartbe.be\/fr\/wp-json\/wp\/v2\/users\/6"}],"replies":[{"embeddable":true,"href":"https:\/\/smartbe.be\/fr\/wp-json\/wp\/v2\/comments?post=16927"}],"version-history":[{"count":2,"href":"https:\/\/smartbe.be\/fr\/wp-json\/wp\/v2\/posts\/16927\/revisions"}],"predecessor-version":[{"id":17019,"href":"https:\/\/smartbe.be\/fr\/wp-json\/wp\/v2\/posts\/16927\/revisions\/17019"}],"wp:featuredmedia":[{"embeddable":true,"href":"https:\/\/smartbe.be\/fr\/wp-json\/wp\/v2\/media\/16928"}],"wp:attachment":[{"href":"https:\/\/smartbe.be\/fr\/wp-json\/wp\/v2\/media?parent=16927"}],"wp:term":[{"taxonomy":"category","embeddable":true,"href":"https:\/\/smartbe.be\/fr\/wp-json\/wp\/v2\/categories?post=16927"},{"taxonomy":"post_tag","embeddable":true,"href":"https:\/\/smartbe.be\/fr\/wp-json\/wp\/v2\/tags?post=16927"}],"curies":[{"name":"wp","href":"https:\/\/api.w.org\/{rel}","templated":true}]}}