
{"id":16743,"date":"2016-06-27T12:28:29","date_gmt":"2016-06-27T11:28:29","guid":{"rendered":"http:\/\/smartbe.be\/fr\/?p=16743"},"modified":"2016-07-08T08:11:03","modified_gmt":"2016-07-08T07:11:03","slug":"assemblee-generale-les-documents-necessaires","status":"publish","type":"post","link":"https:\/\/smartbe.be\/fr\/news\/assemblee-generale-les-documents-necessaires\/","title":{"rendered":"Assembl\u00e9e g\u00e9n\u00e9rale 2016: les documents n\u00e9cessaires"},"content":{"rendered":"<div>\u00ab\u00a0Let&rsquo;s coop!\u00a0\u00bb, c&rsquo;\u00e9tait une <strong>journ\u00e9e de r\u00e9flexion et de f\u00eate<\/strong> dans le cadre de notre passage en coop\u00e9rative. Elle a rassembl\u00e9 plus de 600 personnes dans nos bureaux de Bruxelles le mardi 28 juin. <a href=\"https:\/\/www.flickr.com\/photos\/smartbe\/sets\/72157670424170315\">Cliquez ici<\/a> pour d\u00e9couvrir les photos de l&rsquo;\u00e9v\u00e9nement!<\/div>\n<div><\/div>\n<div>Voici quelques documents informatifs qui ont \u00e9t\u00e9 distribu\u00e9s lors de l&rsquo;assembl\u00e9e g\u00e9n\u00e9rale qui s&rsquo;est tenue lors de cette journ\u00e9e:<\/div>\n<div>\n<ul>\n<li>Notre <a title=\"https:\/\/smartbe.be\/wordpress\/..\/wp-content\/uploads\/2016\/06\/rapport-d-27activite---2015-planche.pdf\nCtrl+Cliquer pour suivre le lien\" href=\"https:\/\/smartbe.be\/wp-content\/uploads\/2016\/06\/rapport-d-27activite---2015-planche.pdf\">rapport d&rsquo;activit\u00e9 2015<\/a><\/li>\n<li>Les <a href=\"https:\/\/smartbe.be\/wp-content\/uploads\/2016\/06\/Chiffres.pdf\" target=\"_blank\">comptes de r\u00e9sultats consolid\u00e9s du groupe Smart &#8211; exercice 2015<\/a><\/li>\n<li>Le <a href=\"https:\/\/smartbe.be\/wordpress\/..\/wp-content\/uploads\/2016\/06\/Smart-2020-FR.pdf\" target=\"_blank\">plan strat\u00e9gique \u00ab\u00a0Smart 2020\u00a0\u00bb<\/a>, inspir\u00e9 des\u00a0<a title=\"http:\/\/blog.smartbe.be\/spip.php?article7141\nCtrl+Cliquer pour suivre le lien\" href=\"http:\/\/blog.smartbe.be\/IMG\/pdf\/smart_in_progress_recommandations_fr_sans_bords-2.pdf\" target=\"_blank\">recommandations des groupes de travail de \u00ab\u00a0Smart in Progress\u00a0\u00bb<\/a><\/li>\n<li>Le <a href=\"https:\/\/smartbe.be\/wordpress\/..\/wp-content\/uploads\/2016\/06\/projet-statuts-Smart-Coop-watermark.pdf\" target=\"_blank\">projet de statuts de la future coop\u00e9rative Smart Coop<\/a><\/li>\n<\/ul>\n<\/div>","protected":false},"excerpt":{"rendered":"<p>\u00ab\u00a0Let&rsquo;s coop!\u00a0\u00bb, c&rsquo;\u00e9tait une journ\u00e9e de r\u00e9flexion et de f\u00eate dans le cadre de notre passage en coop\u00e9rative. Elle a rassembl\u00e9 plus de 600 personnes dans nos bureaux de Bruxelles le mardi 28 juin. Cliquez ici pour d\u00e9couvrir les photos &hellip;<\/p>\n","protected":false},"author":6,"featured_media":16751,"comment_status":"closed","ping_status":"closed","sticky":false,"template":"","format":"standard","meta":{"footnotes":""},"categories":[15],"tags":[],"class_list":["post-16743","post","type-post","status-publish","format-standard","has-post-thumbnail","hentry","category-annonces"],"aioseo_notices":[],"_links":{"self":[{"href":"https:\/\/smartbe.be\/fr\/wp-json\/wp\/v2\/posts\/16743","targetHints":{"allow":["GET"]}}],"collection":[{"href":"https:\/\/smartbe.be\/fr\/wp-json\/wp\/v2\/posts"}],"about":[{"href":"https:\/\/smartbe.be\/fr\/wp-json\/wp\/v2\/types\/post"}],"author":[{"embeddable":true,"href":"https:\/\/smartbe.be\/fr\/wp-json\/wp\/v2\/users\/6"}],"replies":[{"embeddable":true,"href":"https:\/\/smartbe.be\/fr\/wp-json\/wp\/v2\/comments?post=16743"}],"version-history":[{"count":7,"href":"https:\/\/smartbe.be\/fr\/wp-json\/wp\/v2\/posts\/16743\/revisions"}],"predecessor-version":[{"id":16783,"href":"https:\/\/smartbe.be\/fr\/wp-json\/wp\/v2\/posts\/16743\/revisions\/16783"}],"wp:featuredmedia":[{"embeddable":true,"href":"https:\/\/smartbe.be\/fr\/wp-json\/wp\/v2\/media\/16751"}],"wp:attachment":[{"href":"https:\/\/smartbe.be\/fr\/wp-json\/wp\/v2\/media?parent=16743"}],"wp:term":[{"taxonomy":"category","embeddable":true,"href":"https:\/\/smartbe.be\/fr\/wp-json\/wp\/v2\/categories?post=16743"},{"taxonomy":"post_tag","embeddable":true,"href":"https:\/\/smartbe.be\/fr\/wp-json\/wp\/v2\/tags?post=16743"}],"curies":[{"name":"wp","href":"https:\/\/api.w.org\/{rel}","templated":true}]}}