
{"id":16625,"date":"2016-05-30T15:42:03","date_gmt":"2016-05-30T14:42:03","guid":{"rendered":"http:\/\/smartbe.be\/fr\/?p=16625"},"modified":"2016-06-20T14:39:50","modified_gmt":"2016-06-20T13:39:50","slug":"festival-musiques-tous-les-etages-namur-176","status":"publish","type":"post","link":"https:\/\/smartbe.be\/fr\/news\/festival-musiques-tous-les-etages-namur-176\/","title":{"rendered":"Festival Musiques \u00e0 tous les \u00e9tages &#8211; Namur 17\/6"},"content":{"rendered":"<p>Pour lancer les festivit\u00e9s de la F\u00eate de la Musique \u00e0 Namur, le vendredi 17 juin, cinqui\u00e8me \u00e9dition de \u2018Musiques \u00e0 tous les \u00e9tages\u00a0, un parcours musical au c\u0153ur de Namur dans des endroits plut\u00f4t intimistes, d\u00e9cal\u00e9s et souvent insolites (\u00e9picerie, coiffeur, jardin-potager, styliste, boutique de fringues, librairie, bar \u00e0 tapas&#8230;). Notre bureau namurois accueillera ainsi \u00e0 18h15 le concert de\u00a0<a href=\"http:\/\/www.inlakesh.be\/\" target=\"_blank\">In Lakesh<\/a>.<\/p>\n<p>Une vingtaine de concerts (en version acoustique) de styles on ne peut plus vari\u00e9s ont \u00e9t\u00e9 s\u00e9lectionn\u00e9s parmi la centaine de candidatures re\u00e7ues suite \u00e0 notre appel \u00e0 projet et seront pr\u00e9sent\u00e9s dans les quartiers du Th\u00e9\u00e2tre, de la Place Maurice Servais, des Ponts Spalaux (place l\u2019Ilon), et de la rue des Brasseurs pour de belles rencontres avec les musiciens amateurs et professionnels. Parmi eux, les vainqueurs de <a href=\"https:\/\/smartbe.be\/fr\/news\/musique-tous-les-etages-appel-candidatures-namur\/\" target=\"_blank\">notre appel \u00e0 projets<\/a>!<\/p>\n<h3>Au programme :<\/h3>\n<p>Aline Sand &#8211; He Died While Hunting \u2013 Jules et Tom &#8211; C\u00e9cile Broch\u00e9 joue J.Monet \u2013 In Lakesh \u2013 Marie Trio &#8211; Max Leardini (JM) &#8211; Liquid Zenith &#8211; The Alices \u2013Drexel \u2013 Locango \u2013 Boule A Fa 7- Claire Spineux -Android 80 &#8211; Charly Kid &amp; Patee Gee &#8211; Dom Papagaio Choro Club- D.and The Escape- Green Moon- + ULYSSE.<\/p>\n<h3>En pratique :<\/h3>\n<ul>\n<li>Quand? Vendredi 17 juin d\u00e8s 17h<\/li>\n<li>Vous serez de la partie? Rejoignez <a href=\"https:\/\/www.facebook.com\/events\/1637343626504678\/\">l&rsquo;\u00e9v\u00e9nement Facebook<\/a>!<\/li>\n<\/ul>","protected":false},"excerpt":{"rendered":"<p>Pour lancer les festivit\u00e9s de la F\u00eate de la Musique \u00e0 Namur, le vendredi 17 juin, cinqui\u00e8me \u00e9dition de \u2018Musiques \u00e0 tous les \u00e9tages\u00a0, un parcours musical au c\u0153ur de Namur dans des endroits plut\u00f4t intimistes, d\u00e9cal\u00e9s et souvent insolites &hellip;<\/p>\n","protected":false},"author":6,"featured_media":16626,"comment_status":"closed","ping_status":"closed","sticky":false,"template":"","format":"standard","meta":{"footnotes":""},"categories":[15],"tags":[],"class_list":["post-16625","post","type-post","status-publish","format-standard","has-post-thumbnail","hentry","category-annonces"],"aioseo_notices":[],"_links":{"self":[{"href":"https:\/\/smartbe.be\/fr\/wp-json\/wp\/v2\/posts\/16625","targetHints":{"allow":["GET"]}}],"collection":[{"href":"https:\/\/smartbe.be\/fr\/wp-json\/wp\/v2\/posts"}],"about":[{"href":"https:\/\/smartbe.be\/fr\/wp-json\/wp\/v2\/types\/post"}],"author":[{"embeddable":true,"href":"https:\/\/smartbe.be\/fr\/wp-json\/wp\/v2\/users\/6"}],"replies":[{"embeddable":true,"href":"https:\/\/smartbe.be\/fr\/wp-json\/wp\/v2\/comments?post=16625"}],"version-history":[{"count":4,"href":"https:\/\/smartbe.be\/fr\/wp-json\/wp\/v2\/posts\/16625\/revisions"}],"predecessor-version":[{"id":16678,"href":"https:\/\/smartbe.be\/fr\/wp-json\/wp\/v2\/posts\/16625\/revisions\/16678"}],"wp:featuredmedia":[{"embeddable":true,"href":"https:\/\/smartbe.be\/fr\/wp-json\/wp\/v2\/media\/16626"}],"wp:attachment":[{"href":"https:\/\/smartbe.be\/fr\/wp-json\/wp\/v2\/media?parent=16625"}],"wp:term":[{"taxonomy":"category","embeddable":true,"href":"https:\/\/smartbe.be\/fr\/wp-json\/wp\/v2\/categories?post=16625"},{"taxonomy":"post_tag","embeddable":true,"href":"https:\/\/smartbe.be\/fr\/wp-json\/wp\/v2\/tags?post=16625"}],"curies":[{"name":"wp","href":"https:\/\/api.w.org\/{rel}","templated":true}]}}