
{"id":16566,"date":"2016-05-23T12:09:00","date_gmt":"2016-05-23T11:09:00","guid":{"rendered":"http:\/\/smartbe.be\/fr\/?p=16566"},"modified":"2016-05-23T15:58:29","modified_gmt":"2016-05-23T14:58:29","slug":"smart-sera-present-au-34ieme-forum-des-projets-vous-aussi","status":"publish","type":"post","link":"https:\/\/smartbe.be\/fr\/news\/smart-sera-present-au-34ieme-forum-des-projets-vous-aussi\/","title":{"rendered":"Smart sera pr\u00e9sent au 34i\u00e8me Forum des projets, vous aussi\u00a0?"},"content":{"rendered":"<p>Ce vendredi 27\/05, Smart Tournai aura sa table au Forum des projets de Wallonie picarde organis\u00e9 par le <a href=\"http:\/\/www.choq.be\/fr\/\">CHOQ<\/a>.<br \/>\nV\u00e9ritable vitrine du dynamisme de la Wallonie picarde, c\u2019est devenu un lieu d&rsquo;\u00e9changes entre les acteurs \u00e9conomiques, sociaux, culturels, politiques&#8230; de notre r\u00e9gion.<\/p>\n<p>Bas\u00e9 sur un partenariat large et la volont\u00e9 de diversifier les th\u00e8mes abord\u00e9s, ce sont ainsi plus de 100 porteurs de projets qui ont pr\u00e9sent\u00e9 leurs actions et plus de 3.000 personnes qui se sont rencontr\u00e9es lors des \u00e9ditions pr\u00e9c\u00e9dentes.<\/p>\n<h3>En pratique<\/h3>\n<ul>\n<li><strong>Quand?<\/strong> Le vendredi 27 juin<\/li>\n<li><strong>O\u00f9?<\/strong> Salle \u00ab\u00a0La Grance\u00a0\u00bb rue de la Vellerie, 133 \u00e0 7500 Mouscron<\/li>\n<li><strong>Int\u00e9ress\u00e9s\u00a0?<\/strong> inscriptions <strong><a href=\"https:\/\/www.eventbrite.fr\/e\/billets-34eme-forum-de-projets-de-wallonie-picarde-24950282968\">ici<\/a>\u00a0<\/strong><\/li>\n<li><strong>Infos<\/strong>: \u00a0<a href=\"mailto:deb@smartbe?.be\">&#x64;&#x65;&#x62;&#x40;<span class=\"oe_displaynone\">null<\/span>&#x73;&#x6d;&#x61;&#x72;&#x74;&#x2e;&#x63;&#x6f;&#x6f;&#x70;<\/a><\/li>\n<\/ul>","protected":false},"excerpt":{"rendered":"<p>Ce vendredi 27\/05, Smart Tournai aura sa table au Forum des projets de Wallonie picarde organis\u00e9 par le CHOQ. V\u00e9ritable vitrine du dynamisme de la Wallonie picarde, c\u2019est devenu un lieu d&rsquo;\u00e9changes entre les acteurs \u00e9conomiques, sociaux, culturels, politiques&#8230; de &hellip;<\/p>\n","protected":false},"author":39,"featured_media":0,"comment_status":"closed","ping_status":"closed","sticky":false,"template":"","format":"standard","meta":{"footnotes":""},"categories":[15],"tags":[],"class_list":["post-16566","post","type-post","status-publish","format-standard","hentry","category-annonces"],"aioseo_notices":[],"_links":{"self":[{"href":"https:\/\/smartbe.be\/fr\/wp-json\/wp\/v2\/posts\/16566","targetHints":{"allow":["GET"]}}],"collection":[{"href":"https:\/\/smartbe.be\/fr\/wp-json\/wp\/v2\/posts"}],"about":[{"href":"https:\/\/smartbe.be\/fr\/wp-json\/wp\/v2\/types\/post"}],"author":[{"embeddable":true,"href":"https:\/\/smartbe.be\/fr\/wp-json\/wp\/v2\/users\/39"}],"replies":[{"embeddable":true,"href":"https:\/\/smartbe.be\/fr\/wp-json\/wp\/v2\/comments?post=16566"}],"version-history":[{"count":3,"href":"https:\/\/smartbe.be\/fr\/wp-json\/wp\/v2\/posts\/16566\/revisions"}],"predecessor-version":[{"id":16594,"href":"https:\/\/smartbe.be\/fr\/wp-json\/wp\/v2\/posts\/16566\/revisions\/16594"}],"wp:attachment":[{"href":"https:\/\/smartbe.be\/fr\/wp-json\/wp\/v2\/media?parent=16566"}],"wp:term":[{"taxonomy":"category","embeddable":true,"href":"https:\/\/smartbe.be\/fr\/wp-json\/wp\/v2\/categories?post=16566"},{"taxonomy":"post_tag","embeddable":true,"href":"https:\/\/smartbe.be\/fr\/wp-json\/wp\/v2\/tags?post=16566"}],"curies":[{"name":"wp","href":"https:\/\/api.w.org\/{rel}","templated":true}]}}