
{"id":16330,"date":"2016-04-22T11:14:27","date_gmt":"2016-04-22T10:14:27","guid":{"rendered":"http:\/\/smartbe.be\/fr\/?p=16330"},"modified":"2016-05-09T08:05:56","modified_gmt":"2016-05-09T07:05:56","slug":"appel-projets-produisez-vous-lors-de-la-fete-de-la-musique-de-turin","status":"publish","type":"post","link":"https:\/\/smartbe.be\/fr\/news\/appel-projets-produisez-vous-lors-de-la-fete-de-la-musique-de-turin\/","title":{"rendered":"Appel \u00e0 projets: produisez-vous lors de la F\u00eate de la Musique de Turin"},"content":{"rendered":"<p>Dans le but de soutenir la mobilit\u00e9 internationale des artistes, Smart Belgique et Smart Italie, en collaboration avec les F\u00eates de la Musique de Li\u00e8ge et de Turin, donnent la possibilit\u00e9 \u00e0 un musicien ou \u00e0 un duo\u00a0belge de se produire sur <strong>la sc\u00e8ne de Turin le 18 juin<\/strong> dans le cadre des F\u00eates de la Musique. Le match retour permettra \u00e0 un musicien ou groupe italien de jouer\u00a0\u00e0 <a href=\"http:\/\/lanvert.be\/\">L\u2019An Vert<\/a> le 18 juin en premi\u00e8re partie de Manu Louis.<\/p>\n<p><u>Pour le laur\u00e9at belge<\/u>, le concert aura lieu le 18 juin \u00e0 20 heures, \u00e0 Turin.\u00a0Pendant toute la dur\u00e9e du s\u00e9jour, le solo\/duo laur\u00e9at Smart sera accueilli par la\u00a0<a href=\"http:\/\/www.festadellamusicatorino.it\/\" data-cke-saved-href=\"http:\/\/www.festadellamusicatorino.it\/\">Festa della Musica di Torino<\/a>\u00a0et aura ainsi l\u2019occasion de rencontrer d\u2019autres musiciens.<\/p>\n<h3>Conditions de participation<\/h3>\n<ul>\n<li>Cet appel est ouvert \u00e0 tous les musiciens (solo ou duo).<\/li>\n<li>Tous les styles de musiques sont accept\u00e9s.<\/li>\n<li>La prestation doit contenir majoritairement des compositions originales.<\/li>\n<li>Etre disponible du 17 au 21 juin 2016 (selon horaires de vols \u00e0 pr\u00e9ciser).<\/li>\n<li>L\u2019accueil, le d\u00e9placement et un cachet minimum sont assur\u00e9s par les partenaires.<\/li>\n<\/ul>\n<h3>Comment poser votre candidature ?<\/h3>\n<p>Envoyez-nous <strong>avant le 06 mai 2016\u00a0<\/strong>:<\/p>\n<ul>\n<li>Un \u00e9chantillon repr\u00e9sentatif de vos cr\u00e9ations musicales (lien web)<\/li>\n<li>Une biographie (composition du duo, exp\u00e9rience de la sc\u00e8ne\u2026)<\/li>\n<li>Une fiche technique<\/li>\n<li>Au moins une photo de bonne qualit\u00e9<\/li>\n<li>La dur\u00e9e de votre prestation (maximum : 60 minutes)<\/li>\n<\/ul>\n<p>Les dossiers de candidature doivent parvenir \u00e0\u00a0: <a href=\"mailto:&#x69;&#x6e;&#x66;&#x6f;&#x40;&#x73;&#x6d;&#x61;&#x72;&#x74;&#x2d;&#x69;&#x74;&#x2e;&#x6f;&#x72;&#x67;\">&#x69;&#x6e;&#x66;&#x6f;&#x40;<span class=\"oe_displaynone\">null<\/span>&#x73;&#x6d;&#x61;&#x72;&#x74;&#x2d;&#x69;&#x74;&#x2e;&#x6f;&#x72;&#x67;<\/a><\/p>\n<h3>S\u00e9lection<\/h3>\n<p>Pour la Belgique, la s\u00e9lection sera effectu\u00e9e par des repr\u00e9sentants de la <a href=\"http:\/\/www.festadellamusicatorino.it\/\">Festa della Musica di Torino<\/a> et de Smart Italie. Le projet gagnant sera annonc\u00e9 le 10 mai 2016.<\/p>\n<p>\u25ba <strong>Pour toute question, contact\u00a0: <a href=\"mailto:&#x69;&#x6e;&#x66;&#x6f;&#x40;&#x73;&#x6d;&#x61;&#x72;&#x74;&#x2d;&#x69;&#x74;&#x2e;&#x6f;&#x72;&#x67;\">&#x69;&#x6e;&#x66;&#x6f;&#x40;<span class=\"oe_displaynone\">null<\/span>&#x73;&#x6d;&#x61;&#x72;&#x74;&#x2d;&#x69;&#x74;&#x2e;&#x6f;&#x72;&#x67;<\/a>\u00a0<\/strong><\/p>","protected":false},"excerpt":{"rendered":"<p>Dans le but de soutenir la mobilit\u00e9 internationale des artistes, Smart Belgique et Smart Italie, en collaboration avec les F\u00eates de la Musique de Li\u00e8ge et de Turin, donnent la possibilit\u00e9 \u00e0 un musicien ou \u00e0 un duo\u00a0belge de se &hellip;<\/p>\n","protected":false},"author":6,"featured_media":16331,"comment_status":"closed","ping_status":"closed","sticky":false,"template":"","format":"standard","meta":{"footnotes":""},"categories":[153],"tags":[],"class_list":["post-16330","post","type-post","status-publish","format-standard","has-post-thumbnail","hentry","category-appel-a-projets"],"aioseo_notices":[],"_links":{"self":[{"href":"https:\/\/smartbe.be\/fr\/wp-json\/wp\/v2\/posts\/16330","targetHints":{"allow":["GET"]}}],"collection":[{"href":"https:\/\/smartbe.be\/fr\/wp-json\/wp\/v2\/posts"}],"about":[{"href":"https:\/\/smartbe.be\/fr\/wp-json\/wp\/v2\/types\/post"}],"author":[{"embeddable":true,"href":"https:\/\/smartbe.be\/fr\/wp-json\/wp\/v2\/users\/6"}],"replies":[{"embeddable":true,"href":"https:\/\/smartbe.be\/fr\/wp-json\/wp\/v2\/comments?post=16330"}],"version-history":[{"count":4,"href":"https:\/\/smartbe.be\/fr\/wp-json\/wp\/v2\/posts\/16330\/revisions"}],"predecessor-version":[{"id":16335,"href":"https:\/\/smartbe.be\/fr\/wp-json\/wp\/v2\/posts\/16330\/revisions\/16335"}],"wp:featuredmedia":[{"embeddable":true,"href":"https:\/\/smartbe.be\/fr\/wp-json\/wp\/v2\/media\/16331"}],"wp:attachment":[{"href":"https:\/\/smartbe.be\/fr\/wp-json\/wp\/v2\/media?parent=16330"}],"wp:term":[{"taxonomy":"category","embeddable":true,"href":"https:\/\/smartbe.be\/fr\/wp-json\/wp\/v2\/categories?post=16330"},{"taxonomy":"post_tag","embeddable":true,"href":"https:\/\/smartbe.be\/fr\/wp-json\/wp\/v2\/tags?post=16330"}],"curies":[{"name":"wp","href":"https:\/\/api.w.org\/{rel}","templated":true}]}}