
{"id":14956,"date":"2016-02-25T12:37:47","date_gmt":"2016-02-25T11:37:47","guid":{"rendered":"http:\/\/smartbe.be\/fr\/?p=14956"},"modified":"2016-02-25T12:37:48","modified_gmt":"2016-02-25T11:37:48","slug":"bouger-les-lignes-participez-aux-debats-sur-lentrepreneuriat-culturel-bxl-83-namur-153","status":"publish","type":"post","link":"https:\/\/smartbe.be\/fr\/news\/bouger-les-lignes-participez-aux-debats-sur-lentrepreneuriat-culturel-bxl-83-namur-153\/","title":{"rendered":"\u00ab\u00a0Bouger les lignes\u00a0\u00bb: participez aux d\u00e9bats sur l&rsquo;entrepreneuriat culturel &#8211; BXL 8\/3 &#038; Namur 15\/3"},"content":{"rendered":"<p>Lanc\u00e9e en collaboration avec l\u2019Observatoire des Politiques culturelles et l\u2019Administration G\u00e9n\u00e9rale de la Culture\u00a0et\u00a0avec le soutien de Point Culture, l\u2019op\u00e9ration \u00ab\u00a0<a href=\"http:\/\/www.tracernospolitiquesculturelles.be\" target=\"_blank\">Bouger les lignes<\/a>\u00a0\u00bb est la phase pr\u00e9paratoire \u00e0 une profonde r\u00e9forme de la politique culturelle belge francophone.\u00a0Six coupoles ont \u00e9t\u00e9 mises en place pour aborder les probl\u00e9matiques et enjeux des artistes, des arts et de la culture en f\u00e9d\u00e9ration Wallonie-Bruxelles\u00a0: Artistes au centre, Alliance Culture-Ecole, Plan culturel num\u00e9rique, D\u00e9mocratie et diversit\u00e9 culturelles, Entrepreneuriat culturel, et Nouvelle gouvernance. Les travaux de ces coupoles sont phas\u00e9s dans le temps, entre mars 2015 et septembre 2016, soit au total 18 mois de rencontres, de r\u00e9flexions, d\u2019analyses, de consultations et de r\u00e9daction.<\/p>\n<p>Depuis fin 2015, nous co-pr\u00e9sidons <a href=\"http:\/\/www.tracernospolitiquesculturelles.be\/coupole-entrepreneuriat\/\" target=\"_blank\">la\u00a0coupole Entrepreneuriat culturel<\/a> avec <a href=\"http:\/\/www.start-invest.be\/\" target=\"_blank\">ST&rsquo;ART<\/a>.\u00a0Constitu\u00e9e d\u2019une quinzaine de personnes ressources, repr\u00e9sentants des organes de services mais aussi des artistes et entreprises culturelles, la coupole organise des rencontres publiques pour collecter les id\u00e9es et \u00e9couter les observations du secteur et des usagers. Nous vous invitions \u00e0 nous faire part\u00a0de vos exp\u00e9riences et de vos id\u00e9es lors des deux prochaines r\u00e9unions, \u00e0 Bruxelles le 8 mars et \u00e0 Namur le 15 mars.<\/p>\n<h3>En pratique<\/h3>\n<ul>\n<li>Mardi 8 mars (PointCulture, Bruxelles)<br \/>\n\u25ba De 10h \u00e0 13h : Les mod\u00e8les de collaboration &#8211; inscription gratuite via <a href=\"https:\/\/www.inscription-facile.com\/form\/soVULaJOrgh1QiVrOBFv\" target=\"_blank\">ce lien<\/a><br \/>\n\u25ba De 14h \u00e0 17h : Les structures d\u2019accompagnement\u00a0&#8211; inscription gratuite via <a href=\"https:\/\/www.inscription-facile.com\/form\/v8jK6r9Ul1hzvSdweZE0\" target=\"_blank\">ce lien<\/a><\/li>\n<li>Mardi 15 mars (Anciens Abattoirs de Bomel, Namur)<br \/>\n\u25ba De 10h \u00e0 13h : Les modes de financement de la culture et r\u00f4le des pouvoirs publics (financement et fiscalit\u00e9)\u00a0&#8211; inscription gratuite via <a href=\"https:\/\/www.inscription-facile.com\/form\/ff6lNydZlsPuM65wqHPL\" target=\"_blank\">ce lien<\/a><br \/>\n\u25ba De 14h \u00e0 17h : Le marketing institutionnel (national et internationalisation)\u00a0&#8211; inscription gratuite via <a href=\"https:\/\/www.inscription-facile.com\/form\/4aJo8esucMA7YDh2CTrt\" target=\"_blank\">ce lien<\/a><\/li>\n<\/ul>\n<p>Plus d&rsquo;infos sur\u00a0<a href=\"http:\/\/www.tracernospolitiquesculturelles.be\/\" target=\"_blank\">www.tracernospolitiquesculturelles.be<\/a><\/p>\n<p>&nbsp;<\/p>\n<p>&nbsp;<\/p>\n<p>&nbsp;<\/p>","protected":false},"excerpt":{"rendered":"<p>Lanc\u00e9e en collaboration avec l\u2019Observatoire des Politiques culturelles et l\u2019Administration G\u00e9n\u00e9rale de la Culture\u00a0et\u00a0avec le soutien de Point Culture, l\u2019op\u00e9ration \u00ab\u00a0Bouger les lignes\u00a0\u00bb est la phase pr\u00e9paratoire \u00e0 une profonde r\u00e9forme de la politique culturelle belge francophone.\u00a0Six coupoles ont \u00e9t\u00e9 &hellip;<\/p>\n","protected":false},"author":6,"featured_media":14957,"comment_status":"closed","ping_status":"closed","sticky":false,"template":"","format":"standard","meta":{"footnotes":""},"categories":[25,24],"tags":[],"class_list":["post-14956","post","type-post","status-publish","format-standard","has-post-thumbnail","hentry","category-debats","category-evenements"],"aioseo_notices":[],"_links":{"self":[{"href":"https:\/\/smartbe.be\/fr\/wp-json\/wp\/v2\/posts\/14956","targetHints":{"allow":["GET"]}}],"collection":[{"href":"https:\/\/smartbe.be\/fr\/wp-json\/wp\/v2\/posts"}],"about":[{"href":"https:\/\/smartbe.be\/fr\/wp-json\/wp\/v2\/types\/post"}],"author":[{"embeddable":true,"href":"https:\/\/smartbe.be\/fr\/wp-json\/wp\/v2\/users\/6"}],"replies":[{"embeddable":true,"href":"https:\/\/smartbe.be\/fr\/wp-json\/wp\/v2\/comments?post=14956"}],"version-history":[{"count":1,"href":"https:\/\/smartbe.be\/fr\/wp-json\/wp\/v2\/posts\/14956\/revisions"}],"predecessor-version":[{"id":14958,"href":"https:\/\/smartbe.be\/fr\/wp-json\/wp\/v2\/posts\/14956\/revisions\/14958"}],"wp:featuredmedia":[{"embeddable":true,"href":"https:\/\/smartbe.be\/fr\/wp-json\/wp\/v2\/media\/14957"}],"wp:attachment":[{"href":"https:\/\/smartbe.be\/fr\/wp-json\/wp\/v2\/media?parent=14956"}],"wp:term":[{"taxonomy":"category","embeddable":true,"href":"https:\/\/smartbe.be\/fr\/wp-json\/wp\/v2\/categories?post=14956"},{"taxonomy":"post_tag","embeddable":true,"href":"https:\/\/smartbe.be\/fr\/wp-json\/wp\/v2\/tags?post=14956"}],"curies":[{"name":"wp","href":"https:\/\/api.w.org\/{rel}","templated":true}]}}