
{"id":14819,"date":"2016-02-11T16:03:40","date_gmt":"2016-02-11T15:03:40","guid":{"rendered":"http:\/\/smartbe.be\/fr\/?p=14819"},"modified":"2016-03-04T10:04:30","modified_gmt":"2016-03-04T09:04:30","slug":"les-freelances-et-le-temps-de-travail-debat-avec-tout-autre-chose-bxl-0403","status":"publish","type":"post","link":"https:\/\/smartbe.be\/fr\/news\/les-freelances-et-le-temps-de-travail-debat-avec-tout-autre-chose-bxl-0403\/","title":{"rendered":"Les freelances et le temps de travail: d\u00e9bat avec \u00ab\u00a0Tout Autre Chose\u00a0\u00bb &#8211; BXL 04\/03"},"content":{"rendered":"<p><br \/>\nEntre travail au projet et nouvelles technologies, ces questions s\u2019imposent avec de plus en plus de force \u00e0 un nombre croissant de travailleurs, quel que soit leur statut. Plusieurs courants pr\u00f4nent une<strong> r\u00e9duction collective du temps de travail\u00a0<\/strong>(RCTT), mais qu\u2019est-ce que cela signifie concr\u00e8tement pour les freelances\u00a0? Prenons le temps ensemble de d\u00e9battre et discuter de ce que cela pourrait signifier pour ceux qui ne sont pas dans l\u2019emploi\u00a0: la RCTT a-t-elle du sens\u00a0pour les freelances? Est-ce souhaitable\u00a0? Si oui comment <strong>l\u2019adapter aux r\u00e9alit\u00e9s des freelances<\/strong>\u00a0? Qu\u2019est-ce que cela implique au niveau organisationnel\u00a0? Et au niveau de la reconnaissance du travail\u00a0?<\/p>\n<p>Envie de prendre part\u00a0\u00e0 ce d\u00e9bat interactif au c\u0153ur\u00a0l&rsquo;actualit\u00e9? Participez \u00e0 la matin\u00e9e de r\u00e9flexion que nous co-organisons avec <a href=\"http:\/\/www.toutautrechose.be\/\" target=\"_blank\">Tout Autre Chose<\/a> le 4 mars prochain dans nos bureaux de Bruxelles.<\/p>\n<h3>Programme<\/h3>\n<p>\u25ba 9h30- 10h30\u00a0: table ronde introductive<\/p>\n<ul>\n<li>Joanne Clotuche (TAC travail digne)<\/li>\n<li>Marc Zune (UCL)<\/li>\n<li>S\u00e9bastien Robeet\u00a0(CSC)<\/li>\n<li>Sandrino Graceffa (Smart)<\/li>\n<\/ul>\n<p>\u25ba 10h30- 11h30\u00a0: discussions en petits groupe<\/p>\n<p>\u25ba 11h30-12h30\u00a0: reporting des petits groupes et conclusions<\/p>\n<h3>En pratique<\/h3>\n<ul>\n<li>Quand? Le vendredi 4 mars 2016<\/li>\n<li>O\u00f9?\u00a0Rue Emile F\u00e9ron 70, 1060 Bruxelles<\/li>\n<li>Comment?\u00a0Inscrivez-vous gratuitement <a href=\"https:\/\/www.eventbrite.fr\/e\/billets-les-freelances-et-le-temps-de-travail-debat-avec-tout-autre-chose-21521601690\" target=\"_blank\">en cliquant ici<\/a>.<\/li>\n<li>Vous serez de la partie? Rejoignez <a href=\"https:\/\/www.facebook.com\/events\/157865241260988\/\" target=\"_blank\">l&rsquo;\u00e9v\u00e9nement Facebook<\/a>!<\/li>\n<\/ul>","protected":false},"excerpt":{"rendered":"<p>Entre travail au projet et nouvelles technologies, ces questions s\u2019imposent avec de plus en plus de force \u00e0 un nombre croissant de travailleurs, quel que soit leur statut. Plusieurs courants pr\u00f4nent une r\u00e9duction collective du temps de travail\u00a0(RCTT), mais qu\u2019est-ce &hellip;<\/p>\n","protected":false},"author":6,"featured_media":14945,"comment_status":"closed","ping_status":"closed","sticky":false,"template":"","format":"standard","meta":{"footnotes":""},"categories":[24],"tags":[],"class_list":["post-14819","post","type-post","status-publish","format-standard","has-post-thumbnail","hentry","category-evenements"],"aioseo_notices":[],"_links":{"self":[{"href":"https:\/\/smartbe.be\/fr\/wp-json\/wp\/v2\/posts\/14819","targetHints":{"allow":["GET"]}}],"collection":[{"href":"https:\/\/smartbe.be\/fr\/wp-json\/wp\/v2\/posts"}],"about":[{"href":"https:\/\/smartbe.be\/fr\/wp-json\/wp\/v2\/types\/post"}],"author":[{"embeddable":true,"href":"https:\/\/smartbe.be\/fr\/wp-json\/wp\/v2\/users\/6"}],"replies":[{"embeddable":true,"href":"https:\/\/smartbe.be\/fr\/wp-json\/wp\/v2\/comments?post=14819"}],"version-history":[{"count":7,"href":"https:\/\/smartbe.be\/fr\/wp-json\/wp\/v2\/posts\/14819\/revisions"}],"predecessor-version":[{"id":14966,"href":"https:\/\/smartbe.be\/fr\/wp-json\/wp\/v2\/posts\/14819\/revisions\/14966"}],"wp:featuredmedia":[{"embeddable":true,"href":"https:\/\/smartbe.be\/fr\/wp-json\/wp\/v2\/media\/14945"}],"wp:attachment":[{"href":"https:\/\/smartbe.be\/fr\/wp-json\/wp\/v2\/media?parent=14819"}],"wp:term":[{"taxonomy":"category","embeddable":true,"href":"https:\/\/smartbe.be\/fr\/wp-json\/wp\/v2\/categories?post=14819"},{"taxonomy":"post_tag","embeddable":true,"href":"https:\/\/smartbe.be\/fr\/wp-json\/wp\/v2\/tags?post=14819"}],"curies":[{"name":"wp","href":"https:\/\/api.w.org\/{rel}","templated":true}]}}