
{"id":14746,"date":"2016-01-26T16:48:04","date_gmt":"2016-01-26T15:48:04","guid":{"rendered":"http:\/\/smartbe.be\/fr\/?p=14746"},"modified":"2016-01-26T16:48:04","modified_gmt":"2016-01-26T15:48:04","slug":"cinema-cinema-expo-lavallee-bxl-1902-0603","status":"publish","type":"post","link":"https:\/\/smartbe.be\/fr\/news\/cinema-cinema-expo-lavallee-bxl-1902-0603\/","title":{"rendered":"\u00ab\u00a0Cin\u00e9ma Cin\u00e9ma\u00a0\u00bb: expo \u00e0 LaVall\u00e9e &#8211; BXL 19\/02-06\/03"},"content":{"rendered":"<p>A partir du 19 f\u00e9vrier 2016, le\u00a0centre de cr\u00e9ation \u00ab\u00a0LaVall\u00e9e\u00a0\u00bb accueille un hommage en mouvements aux fr\u00e8res Louis et Auguste Lumi\u00e8re, \u00e0 Georges M\u00e9li\u00e8s, Henri Langlois, Pier Paolo Pasolini et Jean-Luc Godard.\u00a0 Habit\u00e9s par les recherches et les d\u00e9couvertes de leur p\u00e8res de cin\u00e9ma, ils n\u2019ont eu de cesse de poursuivre la qu\u00eate ancestrale de leurs a\u00een\u00e9s\u00a0: p\u00e9n\u00e9trer sans cesse ce travail fondamental de m\u00e9moire et s\u2019amuser avec les incessants allers retours entre technique et langage.<\/p>\n<p>Luc Broch\u00e9, Ma\u00eblle Delaplanche, Angelo Lo Torto, Movimentomilc, Nomadica, Luana Paladino et Anthony Parrish tracent chacun\u00a0sept\u00a0routes singuli\u00e8res, sept voies \u00e0 suivre dans leur rapport \u00e0 l&rsquo;objet cin\u00e9ma comme moyen d\u2019exp\u00e9rimentation verbale \u00e0 la lumi\u00e8re du mouvement. Traverser ce qui constitue la mati\u00e8re du cin\u00e9matographe (la lumi\u00e8re, la couleur, la forme et la parole) pour en extraire un mouvement, est leur cr\u00e9do.\u00a0 Entre technique et myst\u00e8re, ils traquent inlassablement le regard de l&rsquo;op\u00e9rateur occup\u00e9 \u00e0 conjuguer \u00e9criture et mouvement.<\/p>\n<p>Chaque jour, nous vivons une exp\u00e9rience qui s\u2019inscrit dans le corps mais qui, avec le temps, passe \u00e0 la trappe de l\u2019oubli\u2026\u00a0 Le cin\u00e9ma fait se souvenir de ce qu\u2019est une v\u00e9ritable exp\u00e9rience, de ce \u00ab\u00a0myst\u00e8re qui passe sous les choses\u00a0\u00bb comme disait Pasolini.\u00a0A l\u2019instar de \u00ab\u00a0La sortie de l&rsquo;Usine Lumi\u00e8re \u00e0 Lyon\u00a0\u00bb\u00a0 des fr\u00e8res Louis et Auguste Lumi\u00e8re, \u00ab\u00a0Cin\u00e9ma\/Cin\u00e9ma \u2026\u00a0\u00bb propose un espace dans lequel chacun peut se reconna\u00eetre et se rencontrer, pour \u0153uvrer \u00e0 la recherche d&rsquo;une exp\u00e9rience possible. Pour rompre avec la tyrannie du langage instrumental et devenir responsables de ses propres visions.<\/p>\n<h2>En pratique<\/h2>\n<ul>\n<li>Quand? Vernissage le 19 f\u00e9vrier \u00e0 18h &#8211;\u00a0Exposition du 19 f\u00e9vrier au 6 mars 2016.<\/li>\n<li>O\u00f9? LaVall\u00e9e &#8211; rue Adolphe Lavall\u00e9e 39, 1080 Molenbeek<\/li>\n<li>Vous serez de la partie? Rejoignez <a href=\"https:\/\/www.facebook.com\/events\/963267973740546\/\">l&rsquo;\u00e9v\u00e9nement Facebook<\/a><\/li>\n<\/ul>\n<p>&nbsp;<\/p>\n<p style=\"text-align: center; margin: 5.0pt 0cm .0001pt 1.0cm;\" align=\"center\">\n<p style=\"text-align: center; margin: 5.0pt 0cm .0001pt 1.0cm;\" align=\"center\">","protected":false},"excerpt":{"rendered":"<p>A partir du 19 f\u00e9vrier 2016, le\u00a0centre de cr\u00e9ation \u00ab\u00a0LaVall\u00e9e\u00a0\u00bb accueille un hommage en mouvements aux fr\u00e8res Louis et Auguste Lumi\u00e8re, \u00e0 Georges M\u00e9li\u00e8s, Henri Langlois, Pier Paolo Pasolini et Jean-Luc Godard.\u00a0 Habit\u00e9s par les recherches et les d\u00e9couvertes de &hellip;<\/p>\n","protected":false},"author":6,"featured_media":14748,"comment_status":"closed","ping_status":"closed","sticky":false,"template":"","format":"standard","meta":{"footnotes":""},"categories":[24],"tags":[],"class_list":["post-14746","post","type-post","status-publish","format-standard","has-post-thumbnail","hentry","category-evenements"],"aioseo_notices":[],"_links":{"self":[{"href":"https:\/\/smartbe.be\/fr\/wp-json\/wp\/v2\/posts\/14746","targetHints":{"allow":["GET"]}}],"collection":[{"href":"https:\/\/smartbe.be\/fr\/wp-json\/wp\/v2\/posts"}],"about":[{"href":"https:\/\/smartbe.be\/fr\/wp-json\/wp\/v2\/types\/post"}],"author":[{"embeddable":true,"href":"https:\/\/smartbe.be\/fr\/wp-json\/wp\/v2\/users\/6"}],"replies":[{"embeddable":true,"href":"https:\/\/smartbe.be\/fr\/wp-json\/wp\/v2\/comments?post=14746"}],"version-history":[{"count":1,"href":"https:\/\/smartbe.be\/fr\/wp-json\/wp\/v2\/posts\/14746\/revisions"}],"predecessor-version":[{"id":14749,"href":"https:\/\/smartbe.be\/fr\/wp-json\/wp\/v2\/posts\/14746\/revisions\/14749"}],"wp:featuredmedia":[{"embeddable":true,"href":"https:\/\/smartbe.be\/fr\/wp-json\/wp\/v2\/media\/14748"}],"wp:attachment":[{"href":"https:\/\/smartbe.be\/fr\/wp-json\/wp\/v2\/media?parent=14746"}],"wp:term":[{"taxonomy":"category","embeddable":true,"href":"https:\/\/smartbe.be\/fr\/wp-json\/wp\/v2\/categories?post=14746"},{"taxonomy":"post_tag","embeddable":true,"href":"https:\/\/smartbe.be\/fr\/wp-json\/wp\/v2\/tags?post=14746"}],"curies":[{"name":"wp","href":"https:\/\/api.w.org\/{rel}","templated":true}]}}