
{"id":13062,"date":"2015-09-07T10:19:08","date_gmt":"2015-09-07T09:19:08","guid":{"rendered":"http:\/\/smartbe.be\/?p=13062"},"modified":"2015-09-07T10:19:08","modified_gmt":"2015-09-07T09:19:08","slug":"expo-de-la-collection-portraits-dartistes-lavallee-1809-1110","status":"publish","type":"post","link":"https:\/\/smartbe.be\/fr\/news\/expo-de-la-collection-portraits-dartistes-lavallee-1809-1110\/","title":{"rendered":"Expo de la collection \u00ab\u00a0Portraits d&rsquo;artistes\u00a0\u00bb \u00e0 LaVall\u00e9e &#8211; 18\/09-11\/10"},"content":{"rendered":"<p><a href=\"https:\/\/smartbe.be\/wordpress\/..\/wp-content\/uploads\/2015\/09\/Invitation-portraits-dartistes-web.jpg\"><img loading=\"lazy\" decoding=\"async\" class=\" size-medium wp-image-13063 alignright\" src=\"https:\/\/smartbe.be\/wordpress\/..\/wp-content\/uploads\/2015\/09\/Invitation-portraits-dartistes-web-300x300.jpg\" alt=\"Invitation portraits d'artistes web\" width=\"300\" height=\"300\" srcset=\"https:\/\/smartbe.be\/wp-content\/uploads\/2015\/09\/Invitation-portraits-dartistes-web-300x300.jpg 300w, https:\/\/smartbe.be\/wp-content\/uploads\/2015\/09\/Invitation-portraits-dartistes-web-150x150.jpg 150w, https:\/\/smartbe.be\/wp-content\/uploads\/2015\/09\/Invitation-portraits-dartistes-web-290x290.jpg 290w, https:\/\/smartbe.be\/wp-content\/uploads\/2015\/09\/Invitation-portraits-dartistes-web.jpg 886w\" sizes=\"auto, (max-width: 300px) 100vw, 300px\" \/><\/a><\/p>\n<div>Du 18 septembre au 11 octobre, la collection \u00ab Portraits d\u2019artistes \u00bb s\u2019expose pour la premi\u00e8re fois dans son int\u00e9gralit\u00e9, au centre de cr\u00e9ation LaVall\u00e9e \u00e0\u00a0Bruxelles.\u00a0<strong>Marie-Jo Lafontaine, Stephan Balleux, Jacques Lennep, Johan Muyle<\/strong>,&#8230; sont autant d\u2019artistes faisant partie de <a href=\"https:\/\/smartbe.be\/fr\/a-propos\/la-collection\/\">notre\u00a0collection<\/a>, qui\u00a0compte \u00e0 ce jour plus de <strong>300 \u0153uvres<\/strong> de 50 artistes de disciplines diverses. Elle r\u00e9unit des \u0153uvres \u00e0 partir des ann\u00e9es 60, tant d\u2019artistes reconnus que de cr\u00e9ateurs \u00e9mergents.<\/div>\n<div><\/div>\n<h3>En pratique<\/h3>\n<ul>\n<li class=\"null\">Vernissage le vendredi 18 septembre 2015\u00a0de 18h \u00e0 22h<\/li>\n<li class=\"null\">Expo accessible tous les samedis et dimanches de 14h \u00e0 18h\u00a0ou sur rendez-vous (contact:\u00a0Judith Verhoeven &#8211;\u00a0<a href=\"mailto:&#x76;&#x65;&#x6a;&#x40;&#x73;&#x6d;&#x61;&#x72;&#x74;&#x2e;&#x63;&#x6f;&#x6f;&#x70;\" target=\"_blank\">&#x76;&#x65;&#x6a;&#x40;<span class=\"oe_displaynone\">null<\/span>&#x73;&#x6d;&#x61;&#x72;&#x74;&#x2e;&#x63;&#x6f;&#x6f;&#x70;<\/a>\u00a0&#8211; 02\/542.19.87).<\/li>\n<li class=\"null\">Adresse:\u00a0LaVall\u00e9e &#8211;<a href=\"https:\/\/www.google.be\/maps\/place\/Rue+Adolphe+Lavall%C3%A9e+39,+1080+Molenbeek-Saint-Jean\/@50.85881,4.3423044,17z\/data=!3m1!4b1!4m2!3m1!1s0x47c3c391fd4a64fb:0xf9f75e595f0c1322\" target=\"_blank\">\u00a0rue Adolphe Lavall\u00e9e straat 37, 1080 Brussels<\/a><\/li>\n<\/ul>\n<p>&nbsp;<\/p>","protected":false},"excerpt":{"rendered":"<p>Du 18 septembre au 11 octobre, la collection \u00ab Portraits d\u2019artistes \u00bb s\u2019expose pour la premi\u00e8re fois dans son int\u00e9gralit\u00e9, au centre de cr\u00e9ation LaVall\u00e9e \u00e0\u00a0Bruxelles.\u00a0Marie-Jo Lafontaine, Stephan Balleux, Jacques Lennep, Johan Muyle,&#8230; sont autant d\u2019artistes faisant partie de notre\u00a0collection, &hellip;<\/p>\n","protected":false},"author":6,"featured_media":0,"comment_status":"closed","ping_status":"closed","sticky":false,"template":"","format":"standard","meta":{"footnotes":""},"categories":[24],"tags":[],"class_list":["post-13062","post","type-post","status-publish","format-standard","hentry","category-evenements"],"aioseo_notices":[],"_links":{"self":[{"href":"https:\/\/smartbe.be\/fr\/wp-json\/wp\/v2\/posts\/13062","targetHints":{"allow":["GET"]}}],"collection":[{"href":"https:\/\/smartbe.be\/fr\/wp-json\/wp\/v2\/posts"}],"about":[{"href":"https:\/\/smartbe.be\/fr\/wp-json\/wp\/v2\/types\/post"}],"author":[{"embeddable":true,"href":"https:\/\/smartbe.be\/fr\/wp-json\/wp\/v2\/users\/6"}],"replies":[{"embeddable":true,"href":"https:\/\/smartbe.be\/fr\/wp-json\/wp\/v2\/comments?post=13062"}],"version-history":[{"count":2,"href":"https:\/\/smartbe.be\/fr\/wp-json\/wp\/v2\/posts\/13062\/revisions"}],"predecessor-version":[{"id":13068,"href":"https:\/\/smartbe.be\/fr\/wp-json\/wp\/v2\/posts\/13062\/revisions\/13068"}],"wp:attachment":[{"href":"https:\/\/smartbe.be\/fr\/wp-json\/wp\/v2\/media?parent=13062"}],"wp:term":[{"taxonomy":"category","embeddable":true,"href":"https:\/\/smartbe.be\/fr\/wp-json\/wp\/v2\/categories?post=13062"},{"taxonomy":"post_tag","embeddable":true,"href":"https:\/\/smartbe.be\/fr\/wp-json\/wp\/v2\/tags?post=13062"}],"curies":[{"name":"wp","href":"https:\/\/api.w.org\/{rel}","templated":true}]}}