
{"id":12621,"date":"2015-08-10T11:01:49","date_gmt":"2015-08-10T10:01:49","guid":{"rendered":"http:\/\/smartbe.be\/?p=12621"},"modified":"2015-08-10T11:06:46","modified_gmt":"2015-08-10T10:06:46","slug":"nicolas-gaillardon-et-samuel-coisne-remportent-lappel-projets-vitro","status":"publish","type":"post","link":"https:\/\/smartbe.be\/fr\/news\/nicolas-gaillardon-et-samuel-coisne-remportent-lappel-projets-vitro\/","title":{"rendered":"Nicolas Gaillardon et Samuel Coisne remportent l&rsquo;appel \u00e0 projets IN VITRO"},"content":{"rendered":"<p>C&rsquo;est le projet \u00ab\u00a0Liquidity\u00a0\u00bb des artistes transfrontaliers\u00a0<a href=\"http:\/\/www.samuelcoisne.com\/index.html\" target=\"_blank\">Samuel Coisne<\/a> (qui vit et travaille \u00e0 Bruxelles) et <a href=\"http:\/\/www.nicolasgaillardon.com\/\" target=\"_blank\">Nicolas Gaillardon <\/a>(qui vit et travaille \u00e0 Lille) qui a \u00e9t\u00e9 s\u00e9lectionn\u00e9. En jouant avec les codes, les divers mat\u00e9riaux, ou encore la question du vrai et du faux, du r\u00e9el et de l\u2019illusion, ils donnent chacun \u00e0 leur travail une po\u00e9tique et une r\u00e9flexion sur la soci\u00e9t\u00e9 d\u2019aujourd\u2019hui. Apr\u00e8s une premi\u00e8re exposition commune \u00e0 la Galerie<a href=\"http:\/\/www.38quainotredame.com\/\" target=\"_blank\"> 38 Quai Notre Dame<\/a> \u00e0 Tournai, c\u2019est donc naturellement qu\u2019ils ont d\u00e9cid\u00e9 de r\u00e9aliser ensemble ce nouveau projet d\u2019exposition. Il s\u2019agit de s\u2019interroger au travers d\u2019une esth\u00e9tique de l\u2019Economie sur le principe de fluctation presque imperceptible.<\/p>\n<p>Leurs \u0153uvres seront visibles:<\/p>\n<ul>\n<li>En septembre dans la vitrine de\u00a0<a href=\"http:\/\/www.designregio-kortrijk.be\/\" target=\"_blank\">D<\/a><a href=\"http:\/\/www.designregio-kortrijk.be\/\" target=\"_blank\">esignregio kortrijk<\/a>\u00a0(broelkaai 1b) et le Kiosk au Graanmarkt de Courtrai;<\/li>\n<li>Du 15 septembre au 15 octobre dans la salle d\u2019expo du CCA (<a href=\"http:\/\/www.cca-lamadeleine.fr\/accueil\" target=\"_blank\">centre culturel et d\u2019animation de la madeleine<\/a>) m\u00e9tropole lilloise;<\/li>\n<li>Et en novembre dans une salle d\u2019expo au \u2018fab lab\u2019 de l\u2019asbl\u00a0<a href=\"http:\/\/www.wapshub.be\/\" target=\"_blank\">W<\/a><a href=\"http:\/\/www.wapshub.be\/\" target=\"_blank\">ap\u2019s Hub<\/a>\u00a0(Creative Wallonia).<\/li>\n<\/ul>\n<p>&nbsp;<\/p>\n<p>&nbsp;<\/p>","protected":false},"excerpt":{"rendered":"<p>C&rsquo;est le projet \u00ab\u00a0Liquidity\u00a0\u00bb des artistes transfrontaliers\u00a0Samuel Coisne (qui vit et travaille \u00e0 Bruxelles) et Nicolas Gaillardon (qui vit et travaille \u00e0 Lille) qui a \u00e9t\u00e9 s\u00e9lectionn\u00e9. En jouant avec les codes, les divers mat\u00e9riaux, ou encore la question du &hellip;<\/p>\n","protected":false},"author":6,"featured_media":0,"comment_status":"closed","ping_status":"closed","sticky":false,"template":"","format":"standard","meta":{"footnotes":""},"categories":[153],"tags":[],"class_list":["post-12621","post","type-post","status-publish","format-standard","hentry","category-appel-a-projets"],"aioseo_notices":[],"_links":{"self":[{"href":"https:\/\/smartbe.be\/fr\/wp-json\/wp\/v2\/posts\/12621","targetHints":{"allow":["GET"]}}],"collection":[{"href":"https:\/\/smartbe.be\/fr\/wp-json\/wp\/v2\/posts"}],"about":[{"href":"https:\/\/smartbe.be\/fr\/wp-json\/wp\/v2\/types\/post"}],"author":[{"embeddable":true,"href":"https:\/\/smartbe.be\/fr\/wp-json\/wp\/v2\/users\/6"}],"replies":[{"embeddable":true,"href":"https:\/\/smartbe.be\/fr\/wp-json\/wp\/v2\/comments?post=12621"}],"version-history":[{"count":4,"href":"https:\/\/smartbe.be\/fr\/wp-json\/wp\/v2\/posts\/12621\/revisions"}],"predecessor-version":[{"id":12625,"href":"https:\/\/smartbe.be\/fr\/wp-json\/wp\/v2\/posts\/12621\/revisions\/12625"}],"wp:attachment":[{"href":"https:\/\/smartbe.be\/fr\/wp-json\/wp\/v2\/media?parent=12621"}],"wp:term":[{"taxonomy":"category","embeddable":true,"href":"https:\/\/smartbe.be\/fr\/wp-json\/wp\/v2\/categories?post=12621"},{"taxonomy":"post_tag","embeddable":true,"href":"https:\/\/smartbe.be\/fr\/wp-json\/wp\/v2\/tags?post=12621"}],"curies":[{"name":"wp","href":"https:\/\/api.w.org\/{rel}","templated":true}]}}