
{"id":12432,"date":"2015-07-22T14:51:59","date_gmt":"2015-07-22T13:51:59","guid":{"rendered":"http:\/\/smartbe.be\/?p=12432"},"modified":"2015-08-07T08:22:42","modified_gmt":"2015-08-07T07:22:42","slug":"meetconnect-charleroi-2608","status":"publish","type":"post","link":"https:\/\/smartbe.be\/fr\/news\/meetconnect-charleroi-2608\/","title":{"rendered":"Meet&#038;Connect: D.I.Y.! Regard d&rsquo;un r\u00e9alisateur sur la fabrique cin\u00e9ma &#8211; Charleroi 26\/08"},"content":{"rendered":"<p><a href=\"https:\/\/smartbe.be\/wordpress\/..\/wp-content\/uploads\/2015\/07\/mariage_benoit.jpg\"><img loading=\"lazy\" decoding=\"async\" class=\"size-medium wp-image-12444 alignright\" alt=\"mariage_benoit\" src=\"https:\/\/smartbe.be\/wordpress\/..\/wp-content\/uploads\/2015\/07\/mariage_benoit-200x300.jpg\" width=\"200\" height=\"300\" srcset=\"https:\/\/smartbe.be\/wp-content\/uploads\/2015\/07\/mariage_benoit-200x300.jpg 200w, https:\/\/smartbe.be\/wp-content\/uploads\/2015\/07\/mariage_benoit-290x435.jpg 290w, https:\/\/smartbe.be\/wp-content\/uploads\/2015\/07\/mariage_benoit.jpg 682w\" sizes=\"auto, (max-width: 200px) 100vw, 200px\" \/><\/a>Le Kino Festival, c\u2019est une semaine de travail \u00ab\u00a0do it yourself\u00a0\u00bb pour tourner et produire des courts-m\u00e9trages. La devise\u00a0: \u00ab\u00a0Faites bien avec rien, faites mieux avec peu et faites-le maintenant.\u00a0\u00bb V\u00e9ritable\u00a0 aventure humaine, le concept s\u2019installe pour la premi\u00e8re fois \u00e0 Charleroi fin ao\u00fbt.<\/p>\n<p>En partenariat avec le festival, nous organisons une rencontre avec un r\u00e9alisateur attach\u00e9 aux paysages carolos (<i>Les convoyeurs attendent<\/i>, <i>Cowboy<\/i>, <i>Les rayures du z\u00e8bre<\/i>)\u00a0: Beno\u00eet Mariage. Egalement professeur \u00e0 l\u2019Institut des Arts de Diffusion (IAD), il nous fera part de sa riche exp\u00e9rience cin\u00e9matographique. Une belle occasion de lui poser toutes vos questions\u00a0!<\/p>\n<h2>En pratique<\/h2>\n<ul>\n<li>Quand?\u00a0Mercredi 26 ao\u00fbt 2015 de\u00a014h \u00e0 17h<\/li>\n<li>O\u00f9?\u00a0\u00ab\u00a0Atelier M\u00a0\u00bb, rue de Monceau-Fontaine n\u00b035 \u00e0\u00a06031 Monceau-sur-Sambre<\/li>\n<li>Infos et r\u00e9servations: &#x68;&#x61;&#x65;&#x40;<span class=\"oe_displaynone\">null<\/span>&#x73;&#x6d;&#x61;&#x72;&#x74;&#x2e;&#x63;&#x6f;&#x6f;&#x70; &#8211;\u00a0071 58 52 41<\/li>\n<li><b><b>Inscription\u00a0<b>r\u00e9serv\u00e9e aux participants du Kino Carolo\u00a0<\/b><\/b><\/b>(30 places disponibles)<\/li>\n<li>Plus d&rsquo;infos sur <a href=\"http:\/\/festivalkinocarolo.tumblr.com\/\" target=\"_blank\">le site du festival<\/a>\u00a0ou sur <a href=\"https:\/\/www.facebook.com\/events\/1479101955736928\/\" target=\"_blank\">l&rsquo;\u00e9v\u00e9nement Facebook<\/a><\/li>\n<\/ul>\n<p><a href=\"https:\/\/smartbe.be\/wordpress\/..\/wp-content\/uploads\/2015\/07\/logo2.png\"><img loading=\"lazy\" decoding=\"async\" class=\"alignnone  wp-image-12478\" alt=\"logo2\" src=\"https:\/\/smartbe.be\/wordpress\/..\/wp-content\/uploads\/2015\/07\/logo2.png\" width=\"100\" height=\"100\" srcset=\"https:\/\/smartbe.be\/wp-content\/uploads\/2015\/07\/logo2.png 199w, https:\/\/smartbe.be\/wp-content\/uploads\/2015\/07\/logo2-150x150.png 150w\" sizes=\"auto, (max-width: 100px) 100vw, 100px\" \/><\/a>\u00a0<a href=\"https:\/\/smartbe.be\/wordpress\/..\/wp-content\/uploads\/2015\/07\/logo1.jpg\"><img loading=\"lazy\" decoding=\"async\" class=\"alignnone  wp-image-12477\" alt=\"logo1\" src=\"https:\/\/smartbe.be\/wordpress\/..\/wp-content\/uploads\/2015\/07\/logo1-300x173.jpg\" width=\"150\" height=\"87\" srcset=\"https:\/\/smartbe.be\/wp-content\/uploads\/2015\/07\/logo1-300x173.jpg 300w, https:\/\/smartbe.be\/wp-content\/uploads\/2015\/07\/logo1-500x289.jpg 500w, https:\/\/smartbe.be\/wp-content\/uploads\/2015\/07\/logo1-290x167.jpg 290w, https:\/\/smartbe.be\/wp-content\/uploads\/2015\/07\/logo1.jpg 960w\" sizes=\"auto, (max-width: 150px) 100vw, 150px\" \/><\/a>\u00a0<a href=\"https:\/\/smartbe.be\/wordpress\/..\/wp-content\/uploads\/2015\/07\/logo3.jpg\"><img loading=\"lazy\" decoding=\"async\" class=\"alignnone  wp-image-12476\" alt=\"logo3\" src=\"https:\/\/smartbe.be\/wordpress\/..\/wp-content\/uploads\/2015\/07\/logo3-300x289.jpg\" width=\"100\" height=\"92\" \/><\/a><\/p>","protected":false},"excerpt":{"rendered":"<p>Le Kino Festival, c\u2019est une semaine de travail \u00ab\u00a0do it yourself\u00a0\u00bb pour tourner et produire des courts-m\u00e9trages. La devise\u00a0: \u00ab\u00a0Faites bien avec rien, faites mieux avec peu et faites-le maintenant.\u00a0\u00bb V\u00e9ritable\u00a0 aventure humaine, le concept s\u2019installe pour la premi\u00e8re fois &hellip;<\/p>\n","protected":false},"author":6,"featured_media":12433,"comment_status":"closed","ping_status":"closed","sticky":false,"template":"","format":"standard","meta":{"footnotes":""},"categories":[24],"tags":[],"class_list":["post-12432","post","type-post","status-publish","format-standard","has-post-thumbnail","hentry","category-evenements"],"aioseo_notices":[],"_links":{"self":[{"href":"https:\/\/smartbe.be\/fr\/wp-json\/wp\/v2\/posts\/12432","targetHints":{"allow":["GET"]}}],"collection":[{"href":"https:\/\/smartbe.be\/fr\/wp-json\/wp\/v2\/posts"}],"about":[{"href":"https:\/\/smartbe.be\/fr\/wp-json\/wp\/v2\/types\/post"}],"author":[{"embeddable":true,"href":"https:\/\/smartbe.be\/fr\/wp-json\/wp\/v2\/users\/6"}],"replies":[{"embeddable":true,"href":"https:\/\/smartbe.be\/fr\/wp-json\/wp\/v2\/comments?post=12432"}],"version-history":[{"count":10,"href":"https:\/\/smartbe.be\/fr\/wp-json\/wp\/v2\/posts\/12432\/revisions"}],"predecessor-version":[{"id":12599,"href":"https:\/\/smartbe.be\/fr\/wp-json\/wp\/v2\/posts\/12432\/revisions\/12599"}],"wp:featuredmedia":[{"embeddable":true,"href":"https:\/\/smartbe.be\/fr\/wp-json\/wp\/v2\/media\/12433"}],"wp:attachment":[{"href":"https:\/\/smartbe.be\/fr\/wp-json\/wp\/v2\/media?parent=12432"}],"wp:term":[{"taxonomy":"category","embeddable":true,"href":"https:\/\/smartbe.be\/fr\/wp-json\/wp\/v2\/categories?post=12432"},{"taxonomy":"post_tag","embeddable":true,"href":"https:\/\/smartbe.be\/fr\/wp-json\/wp\/v2\/tags?post=12432"}],"curies":[{"name":"wp","href":"https:\/\/api.w.org\/{rel}","templated":true}]}}