
{"id":12377,"date":"2015-07-15T08:49:09","date_gmt":"2015-07-15T07:49:09","guid":{"rendered":"http:\/\/smartbe.be\/?p=12377"},"modified":"2015-08-20T09:11:25","modified_gmt":"2015-08-20T08:11:25","slug":"economie-sociale-et-culture-vers-une-nouvelle-forme-dentrepreneuriat-social","status":"publish","type":"post","link":"https:\/\/smartbe.be\/fr\/news\/economie-sociale-et-culture-vers-une-nouvelle-forme-dentrepreneuriat-social\/","title":{"rendered":"\u00c9conomie sociale et culture: vers une nouvelle forme d&rsquo;entrepreneuriat social &#8211; BXL 28\/08"},"content":{"rendered":"<p>L\u2019industrie cr\u00e9ative et culturelle se doit de recourir \u00e0 de nouvelles m\u00e9thodes pour concevoir, financer, produire et diffuser sa production.\u00a0Le champ de l\u2019\u00e9conomie sociale et solidaire, porteur d\u2019innovation sociale, offre des solutions et des alternatives &#8211; \u00e0 dimension humaine &#8211; pour soutenir une dynamique de croissance de cette industrie. Ces constats feront l&rsquo;objet d&rsquo;une\u00a0conf\u00e9rence-d\u00e9bat organis\u00e9e dans le cadre du\u00a0Brussels Creative Forum, rendez-vous annuel des acteurs de la culture et de la cr\u00e9ativit\u00e9 bruxelloise. Il sera l\u2019occasion unique de discuter des enjeux de l\u2019avenir du secteur et d\u2019\u00e9changer les bonnes pratiques.<\/p>\n<h2><strong>Intervenants<\/strong><\/h2>\n<ul>\n<li>Barbara Garbarczyk\u00a0\u2022\u00a0<a href=\"http:\/\/www.saw-b.be\">SAW-B<\/a><\/li>\n<li>Denis Stokkink\u00a0\u2022\u00a0<a href=\"http:\/\/www.pourlasolidarite.eu\/\">POUR LA SOLIDARIT\u00c9<\/a><\/li>\n<li>S\u00e9verine Konder\u00a0\u2022\u00a0<a href=\"http:\/\/kilti.fr\/\">KILTI<\/a><\/li>\n<li>Olivier Marquet\u00a0\u00a0\u2022\u00a0<a href=\"https:\/\/www.triodos.be\/\">Banque Triodos<\/a><\/li>\n<li>Sandrino Graceffa\u00a0\u2022\u00a0Smart<\/li>\n<\/ul>\n<h2><strong>En pratique<\/strong><\/h2>\n<p><strong>Quand?<\/strong>\u00a028\/8 &#8211; 13h-14h30<br \/>\n<strong>O\u00f9?<\/strong>\u00a0Square Brussels &#8211; <a href=\"https:\/\/www.google.be\/maps\/place\/Mont+des+Arts,+1000+Bruxelles\/data=!4m2!3m1!1s0x47c3c47e22d2248d:0x5c4e787c3774ed23?sa=X&amp;ved=0CB4Q8gEwAGoVChMIqoC9r9LcxgIVCz8UCh1RDwbW\" target=\"_blank\">Mont des Arts, 1000 Bruxelles<\/a><\/p>\n<p>Entr\u00e9e gratuite mais inscription obligatoire en compl\u00e9tant <a href=\"http:\/\/pourlasolidarite.us6.list-manage.com\/track\/click?u=4fb5fce98fe3840baad61d6f2&amp;id=38e5947d4d&amp;e=fdffecc9c9\" target=\"_blank\">le formulaire<\/a><a href=\"http:\/\/www.brusselscreativeforum.be\/\" target=\"_blank\"><br \/>\n<\/a><a href=\"http:\/\/www.brusselscreativeforum.be\/\" target=\"_blank\"><br \/>\n<\/a>Plus d&rsquo;infos sur le site du\u00a0<a href=\"http:\/\/www.brusselscreativeforum.be\/\" target=\"_blank\">Brussels Creative Forum<\/a>.<\/p>\n<p>Cette table ronde fait partie d&rsquo;une <strong>s\u00e9rie de tables rondes<\/strong>. La prochaine est planifi\u00e9e pour le 22 septembre au Mundaneum, \u00e0 Mons. <a href=\"https:\/\/smartbe.be\/fr\/news\/table-ronde-economie-sociale-secteur-culturel-mons-2209\/\">Plus d&rsquo;infos<\/a><\/p>","protected":false},"excerpt":{"rendered":"<p>L\u2019industrie cr\u00e9ative et culturelle se doit de recourir \u00e0 de nouvelles m\u00e9thodes pour concevoir, financer, produire et diffuser sa production.\u00a0Le champ de l\u2019\u00e9conomie sociale et solidaire, porteur d\u2019innovation sociale, offre des solutions et des alternatives &#8211; \u00e0 dimension humaine &#8211; &hellip;<\/p>\n","protected":false},"author":7,"featured_media":12416,"comment_status":"closed","ping_status":"closed","sticky":false,"template":"","format":"standard","meta":{"footnotes":""},"categories":[25,24],"tags":[],"class_list":["post-12377","post","type-post","status-publish","format-standard","has-post-thumbnail","hentry","category-debats","category-evenements"],"aioseo_notices":[],"_links":{"self":[{"href":"https:\/\/smartbe.be\/fr\/wp-json\/wp\/v2\/posts\/12377","targetHints":{"allow":["GET"]}}],"collection":[{"href":"https:\/\/smartbe.be\/fr\/wp-json\/wp\/v2\/posts"}],"about":[{"href":"https:\/\/smartbe.be\/fr\/wp-json\/wp\/v2\/types\/post"}],"author":[{"embeddable":true,"href":"https:\/\/smartbe.be\/fr\/wp-json\/wp\/v2\/users\/7"}],"replies":[{"embeddable":true,"href":"https:\/\/smartbe.be\/fr\/wp-json\/wp\/v2\/comments?post=12377"}],"version-history":[{"count":12,"href":"https:\/\/smartbe.be\/fr\/wp-json\/wp\/v2\/posts\/12377\/revisions"}],"predecessor-version":[{"id":12832,"href":"https:\/\/smartbe.be\/fr\/wp-json\/wp\/v2\/posts\/12377\/revisions\/12832"}],"wp:featuredmedia":[{"embeddable":true,"href":"https:\/\/smartbe.be\/fr\/wp-json\/wp\/v2\/media\/12416"}],"wp:attachment":[{"href":"https:\/\/smartbe.be\/fr\/wp-json\/wp\/v2\/media?parent=12377"}],"wp:term":[{"taxonomy":"category","embeddable":true,"href":"https:\/\/smartbe.be\/fr\/wp-json\/wp\/v2\/categories?post=12377"},{"taxonomy":"post_tag","embeddable":true,"href":"https:\/\/smartbe.be\/fr\/wp-json\/wp\/v2\/tags?post=12377"}],"curies":[{"name":"wp","href":"https:\/\/api.w.org\/{rel}","templated":true}]}}