
{"id":11494,"date":"2015-06-05T16:11:08","date_gmt":"2015-06-05T15:11:08","guid":{"rendered":"http:\/\/smartbe.be\/?p=11494"},"modified":"2015-07-02T13:58:39","modified_gmt":"2015-07-02T12:58:39","slug":"appel-a-projets-eurometropole","status":"publish","type":"post","link":"https:\/\/smartbe.be\/fr\/news\/appel-a-projets-eurometropole\/","title":{"rendered":"IN VITRO: Smart Courtrai, Tournai &#038; Lille \u00e0 la recherche d&rsquo;artistes"},"content":{"rendered":"<div id=\"stcpDiv\">\n<div id=\"stcpDiv\">\n<p><a href=\"https:\/\/smartbe.be\/wordpress\/..\/wp-content\/uploads\/2015\/06\/invitrofr.jpg\"><img loading=\"lazy\" decoding=\"async\" class=\"size-medium wp-image-11700 alignright\" alt=\"invitrofr\" src=\"https:\/\/smartbe.be\/wordpress\/..\/wp-content\/uploads\/2015\/06\/invitrofr-212x300.jpg\" width=\"212\" height=\"300\" srcset=\"https:\/\/smartbe.be\/wp-content\/uploads\/2015\/06\/invitrofr-212x300.jpg 212w, https:\/\/smartbe.be\/wp-content\/uploads\/2015\/06\/invitrofr-724x1024.jpg 724w, https:\/\/smartbe.be\/wp-content\/uploads\/2015\/06\/invitrofr-290x409.jpg 290w, https:\/\/smartbe.be\/wp-content\/uploads\/2015\/06\/invitrofr.jpg 1671w\" sizes=\"auto, (max-width: 212px) 100vw, 212px\" \/><\/a><\/p>\n<h2>A la cl\u00e9:<\/h2>\n<div id=\"stcpDiv\">\n<div>\n<p>3 salles d\u2019expositions:<\/p>\n<ul>\n<li>La vitrine de <a href=\"http:\/\/www.designregio-kortrijk.be\/\" target=\"_blank\">D<\/a><a href=\"http:\/\/www.designregio-kortrijk.be\/\" target=\"_blank\">esignregio kortrijk<\/a> (broelkaai 1b) et le Kiosk au Graanmarkt de Courtrai (sept. 2015)<\/li>\n<li>La salle d\u2019expo du CCA (<a href=\"http:\/\/www.cca-lamadeleine.fr\/accueil\" target=\"_blank\">centre culturel et d\u2019animation de la madeleine<\/a>) m\u00e9tropole lilloise (15 sept. &gt; 15 oct. 2015)<\/li>\n<li>Une salle d\u2019expo au \u2018fab lab\u2019 de l\u2019asbl <a href=\"http:\/\/www.wapshub.be\/\" target=\"_blank\">W<\/a><a href=\"http:\/\/www.wapshub.be\/\" target=\"_blank\">ap\u2019s Hub<\/a> (Creative Wallonia) \u00e0 Tournai (nov. 2015)<\/li>\n<\/ul>\n<\/div>\n<p>Un budget de 2000\u20ac pour les frais de mat\u00e9riel, r\u00e9alisation et r\u00e9mun\u00e9ration.<\/p>\n<p>Un coaching par un sp\u00e9cialiste en innovation de Designregio Kortrijk.<\/p>\n<p>3 vernissages.<\/p>\n<h2>Int\u00e9r\u00e9ss\u00e9(e)?<\/h2>\n<p>Envoyez-nous votre proposition, concept, fiche technique, portfolio et budget avant le 20 juillet 2015 \u00e0 <a href=\"mailto: &#x74;&#x6f;&#x75;&#x72;&#x6e;&#x61;&#x69;&#x40;&#x73;&#x6d;&#x61;&#x72;&#x74;&#x2e;&#x63;&#x6f;&#x6f;&#x70;\" target=\"_blank\">&#x74;&#x6f;&#x75;&#x72;&#x6e;&#x61;&#x69;&#x40;<span class=\"oe_displaynone\">null<\/span>&#x73;&#x6d;&#x61;&#x72;&#x74;&#x2e;&#x63;&#x6f;&#x6f;&#x70;<\/a>. Les plans des lieux sont \u00e0 votre disposition.<\/p>\n<p>Plus d&rsquo;infos: Marie Debeurme -069 23 21 76 &#8211; <a href=\"mailto: &#x64;&#x65;&#x62;&#x40;&#x73;&#x6d;&#x61;&#x72;&#x74;&#x2e;&#x63;&#x6f;&#x6f;&#x70;\" target=\"_blank\">deb@smartbe.b<\/a><a href=\" &#x64;&#x65;&#x62;&#x40;&#x73;&#x6d;&#x61;&#x72;&#x74;&#x2e;&#x63;&#x6f;&#x6f;&#x70;\">e<\/a><\/p>\n<p>&nbsp;<\/p>\n<\/div>\n<\/div>\n<\/div>","protected":false},"excerpt":{"rendered":"<p>A la cl\u00e9: 3 salles d\u2019expositions: La vitrine de Designregio kortrijk (broelkaai 1b) et le Kiosk au Graanmarkt de Courtrai (sept. 2015) La salle d\u2019expo du CCA (centre culturel et d\u2019animation de la madeleine) m\u00e9tropole lilloise (15 sept. &gt; 15 &hellip;<\/p>\n","protected":false},"author":7,"featured_media":0,"comment_status":"closed","ping_status":"closed","sticky":false,"template":"","format":"standard","meta":{"footnotes":""},"categories":[153],"tags":[],"class_list":["post-11494","post","type-post","status-publish","format-standard","hentry","category-appel-a-projets"],"aioseo_notices":[],"_links":{"self":[{"href":"https:\/\/smartbe.be\/fr\/wp-json\/wp\/v2\/posts\/11494","targetHints":{"allow":["GET"]}}],"collection":[{"href":"https:\/\/smartbe.be\/fr\/wp-json\/wp\/v2\/posts"}],"about":[{"href":"https:\/\/smartbe.be\/fr\/wp-json\/wp\/v2\/types\/post"}],"author":[{"embeddable":true,"href":"https:\/\/smartbe.be\/fr\/wp-json\/wp\/v2\/users\/7"}],"replies":[{"embeddable":true,"href":"https:\/\/smartbe.be\/fr\/wp-json\/wp\/v2\/comments?post=11494"}],"version-history":[{"count":22,"href":"https:\/\/smartbe.be\/fr\/wp-json\/wp\/v2\/posts\/11494\/revisions"}],"predecessor-version":[{"id":11706,"href":"https:\/\/smartbe.be\/fr\/wp-json\/wp\/v2\/posts\/11494\/revisions\/11706"}],"wp:attachment":[{"href":"https:\/\/smartbe.be\/fr\/wp-json\/wp\/v2\/media?parent=11494"}],"wp:term":[{"taxonomy":"category","embeddable":true,"href":"https:\/\/smartbe.be\/fr\/wp-json\/wp\/v2\/categories?post=11494"},{"taxonomy":"post_tag","embeddable":true,"href":"https:\/\/smartbe.be\/fr\/wp-json\/wp\/v2\/tags?post=11494"}],"curies":[{"name":"wp","href":"https:\/\/api.w.org\/{rel}","templated":true}]}}