
{"id":11368,"date":"2015-05-27T10:10:28","date_gmt":"2015-05-27T09:10:28","guid":{"rendered":"http:\/\/smartbe.be\/?p=11368"},"modified":"2015-05-27T10:13:49","modified_gmt":"2015-05-27T09:13:49","slug":"appel-projets-en-collaboration-avec-le-centre-culturel-jacques-franck","status":"publish","type":"post","link":"https:\/\/smartbe.be\/fr\/news\/appel-projets-en-collaboration-avec-le-centre-culturel-jacques-franck\/","title":{"rendered":"Appel \u00e0 projets en collaboration avec le Centre Culturel Jacques Franck"},"content":{"rendered":"<p><img loading=\"lazy\" decoding=\"async\" class=\"size-thumbnail wp-image-11373 alignright\" alt=\"appelpj1\" src=\"https:\/\/smartbe.be\/wordpress\/..\/wp-content\/uploads\/2015\/05\/appelpj1-150x150.jpg\" width=\"150\" height=\"150\" \/><\/p>\n<p>Nous lan\u00e7ons un appel \u00e0 projets en collaboration avec le <a href=\"http:\/\/www.lejacquesfranck.be\/\">Centre Culturel Jacques Franck<\/a> (CCFJ) \u00e0 l\u2019occasion de la semaine d\u2019inauguration (25-27\/06) du \u2018C\u00f4t\u00e9 Jardin\u2019, un espace convivial, ludique et cr\u00e9atif \u00e0 partager tout l\u2019\u00e9t\u00e9, du mercredi au samedi de 11h \u00e0 19h.<\/p>\n<p>Pour r\u00e9aliser une construction ludique et\/ou une animation artistique et participative \u00e0 destination d\u2019un public de petits et de grands enfants, nous cherchons\u00a0:<\/p>\n<ul>\n<li>Un (groupe d\u2019) artiste(s).<\/li>\n<li>Avec un projet existant et\/ou pr\u00eat(s) \u00e0 cr\u00e9er un nouveau projet pour l\u2019occasion.<\/li>\n<li>Pr\u00e9sent(s) le vendredi 26 en soir\u00e9e (\u00e0 partir de 18h) \u00a0et\/ou le samedi 27 juin 2015\u00a0(de 11 \u00e0 19h) pour la cr\u00e9ation ou la pr\u00e9sentation dans le cadre de la semaine d\u2019inauguration de la saison du CCJF \u2018C\u00f4t\u00e9 Jardin\u2019.<\/li>\n<\/ul>\n<p><b>Nous offrons\u00a0:<\/b><\/p>\n<ul>\n<li>Un espace de \u00a0+- 300\u00a0\u00a0m2 \u00e0 Saint-Gilles dans la cour du CCFJ et un public enthousiaste.<\/li>\n<li>Une belle visibilit\u00e9 de votre projet dans un lieu prometteur.<\/li>\n<li>Un budget de 1000\u20ac pour les frais de r\u00e9alisation (frais de mat\u00e9riel et salaire) du projet<\/li>\n<li>Une r\u00e9ception\u00a0le vendredi 26 et\/ou samedi 27 juin pour inaugurer le projet.<\/li>\n<\/ul>\n<p><span style=\"font-size: medium;\"><span style=\"line-height: normal;\">I<\/span><\/span>nt\u00e9ress\u00e9s\u00a0? Envoyez votre projet et un budget d\u00e9taill\u00e9 \u00e0 <a href=\"mailto:&#x62;&#x75;&#x61;&#x40;&#x73;&#x6d;&#x61;&#x72;&#x74;&#x2e;&#x63;&#x6f;&#x6f;&#x70;\">&#x62;&#x75;&#x61;&#x40;<span class=\"oe_displaynone\">null<\/span>&#x73;&#x6d;&#x61;&#x72;&#x74;&#x2e;&#x63;&#x6f;&#x6f;&#x70;<\/a> avant le jeudi 11 Juin \u00e0 00h00. Les r\u00e9sultats seront publi\u00e9s 8 \u00e0 10 jours avant l&rsquo;\u00e9v\u00e9nement.<\/p>\n<p>&nbsp;<\/p>","protected":false},"excerpt":{"rendered":"<p>Nous lan\u00e7ons un appel \u00e0 projets en collaboration avec le Centre Culturel Jacques Franck (CCFJ) \u00e0 l\u2019occasion de la semaine d\u2019inauguration (25-27\/06) du \u2018C\u00f4t\u00e9 Jardin\u2019, un espace convivial, ludique et cr\u00e9atif \u00e0 partager tout l\u2019\u00e9t\u00e9, du mercredi au samedi de &hellip;<\/p>\n","protected":false},"author":37,"featured_media":0,"comment_status":"closed","ping_status":"closed","sticky":false,"template":"","format":"standard","meta":{"footnotes":""},"categories":[15],"tags":[],"class_list":["post-11368","post","type-post","status-publish","format-standard","hentry","category-annonces"],"aioseo_notices":[],"_links":{"self":[{"href":"https:\/\/smartbe.be\/fr\/wp-json\/wp\/v2\/posts\/11368","targetHints":{"allow":["GET"]}}],"collection":[{"href":"https:\/\/smartbe.be\/fr\/wp-json\/wp\/v2\/posts"}],"about":[{"href":"https:\/\/smartbe.be\/fr\/wp-json\/wp\/v2\/types\/post"}],"author":[{"embeddable":true,"href":"https:\/\/smartbe.be\/fr\/wp-json\/wp\/v2\/users\/37"}],"replies":[{"embeddable":true,"href":"https:\/\/smartbe.be\/fr\/wp-json\/wp\/v2\/comments?post=11368"}],"version-history":[{"count":5,"href":"https:\/\/smartbe.be\/fr\/wp-json\/wp\/v2\/posts\/11368\/revisions"}],"predecessor-version":[{"id":11377,"href":"https:\/\/smartbe.be\/fr\/wp-json\/wp\/v2\/posts\/11368\/revisions\/11377"}],"wp:attachment":[{"href":"https:\/\/smartbe.be\/fr\/wp-json\/wp\/v2\/media?parent=11368"}],"wp:term":[{"taxonomy":"category","embeddable":true,"href":"https:\/\/smartbe.be\/fr\/wp-json\/wp\/v2\/categories?post=11368"},{"taxonomy":"post_tag","embeddable":true,"href":"https:\/\/smartbe.be\/fr\/wp-json\/wp\/v2\/tags?post=11368"}],"curies":[{"name":"wp","href":"https:\/\/api.w.org\/{rel}","templated":true}]}}