
{"id":11317,"date":"2015-05-20T09:44:48","date_gmt":"2015-05-20T08:44:48","guid":{"rendered":"http:\/\/smartbe.be\/?p=11317"},"modified":"2015-05-20T09:44:48","modified_gmt":"2015-05-20T08:44:48","slug":"meetconnect-cinema-le-combat-dun-documentariste-mons-1706","status":"publish","type":"post","link":"https:\/\/smartbe.be\/fr\/news\/meetconnect-cinema-le-combat-dun-documentariste-mons-1706\/","title":{"rendered":"Meet&#038;Connect Cin\u00e9ma: le combat d\u2019un documentariste &#8211; Mons 17\/06"},"content":{"rendered":"<p><img loading=\"lazy\" decoding=\"async\" class=\"size-medium wp-image-11318 alignright\" alt=\"combattants\" src=\"https:\/\/smartbe.be\/wordpress\/..\/wp-content\/uploads\/2015\/05\/combattants-300x300.jpg\" width=\"300\" height=\"300\" srcset=\"https:\/\/smartbe.be\/wp-content\/uploads\/2015\/05\/combattants-300x300.jpg 300w, https:\/\/smartbe.be\/wp-content\/uploads\/2015\/05\/combattants-150x150.jpg 150w, https:\/\/smartbe.be\/wp-content\/uploads\/2015\/05\/combattants-290x290.jpg 290w, https:\/\/smartbe.be\/wp-content\/uploads\/2015\/05\/combattants.jpg 779w\" sizes=\"auto, (max-width: 300px) 100vw, 300px\" \/><\/p>\n<p>\u00ab\u00a0D\u00e9couvrez un combat myst\u00e9rieux qui se perp\u00e9tue depuis le Moyen \u00c2ge. Plongez au c\u0153ur de Mons, ville du royaume de Belgique, o\u00f9 les autochtones se transforment chaque ann\u00e9e en une foule sauvage et exub\u00e9rante. Devenus les combattants, ils sont pr\u00eats \u00e0 tout pour arracher les poils de la queue d\u2019un dragon qui, selon la l\u00e9gende, porteraient bonheur.\u00a0\u00bb Voil\u00e0 le point de d\u00e9part du documentaire \u00ab\u00a0Les Combattants du Poil Sacr\u00e9\u00a0\u00bb, r\u00e9alis\u00e9 par\u00a0Florian Vall\u00e9e.\u00a0Plus d&rsquo;infos\u00a0<a href=\"https:\/\/www.facebook.com\/lescombattantsdupoilsacre\" target=\"_blank\">par ici<\/a>.<\/p>\n<p>Il sera diffus\u00e9 <strong>le mercredi 17 juin \u00e0 Mons<\/strong>, avant un d\u00e9bat sur le m\u00e9tier de documentariste.<\/p>\n<p>Les intervenants:<\/p>\n<ul>\n<li><strong>Florian Vall\u00e9e<\/strong>, montois, photographe de formation, \u0153uvre depuis 2009 \u00e0 la \u00a0r\u00e9alisation de films documentaires et mus\u00e9ographiques.<\/li>\n<li><strong>Gabriel Vanderpas<\/strong>, est un auteur, r\u00e9alisateur et producteur belge, passionn\u00e9 par l\u2019image, les voyages et les nouvelles rencontres.\u00a0Ses films ont remport\u00e9 de nombreux prix nationaux et internationaux.<\/li>\n<\/ul>\n<p>Infos pratiques:<\/p>\n<ul>\n<li>Quand?\u00a0Le mercredi 17 juin &#8211;\u00a0Projection du documentaire \u00e0 18h30, discussion\/d\u00e9bat de\u00a019h \u00e0 21h30<\/li>\n<li>O\u00f9?\u00a0Caf\u00e9 Europa &#8211;\u00a0Cour avant du Carr\u00e9 des Arts, rue des S\u0153urs Noires 4a \u00e0\u00a07000 Mons<\/li>\n<\/ul>\n<p>Contact\u00a0: <b><a href=\"mailto:&#x62;&#x72;&#x67;&#x40;&#x73;&#x6d;&#x61;&#x72;&#x74;&#x2e;&#x63;&#x6f;&#x6f;&#x70;\">&#x62;&#x72;&#x67;&#x40;<span class=\"oe_displaynone\">null<\/span>&#x73;&#x6d;&#x61;&#x72;&#x74;&#x2e;&#x63;&#x6f;&#x6f;&#x70;<\/a>\u00a0 &#8211;\u00a0<\/b>T\u00e9l\u00a0: 065 31 92 21<\/p>","protected":false},"excerpt":{"rendered":"<p>\u00ab\u00a0D\u00e9couvrez un combat myst\u00e9rieux qui se perp\u00e9tue depuis le Moyen \u00c2ge. Plongez au c\u0153ur de Mons, ville du royaume de Belgique, o\u00f9 les autochtones se transforment chaque ann\u00e9e en une foule sauvage et exub\u00e9rante. Devenus les combattants, ils sont pr\u00eats &hellip;<\/p>\n","protected":false},"author":6,"featured_media":0,"comment_status":"closed","ping_status":"closed","sticky":false,"template":"","format":"standard","meta":{"footnotes":""},"categories":[25],"tags":[],"class_list":["post-11317","post","type-post","status-publish","format-standard","hentry","category-debats"],"aioseo_notices":[],"_links":{"self":[{"href":"https:\/\/smartbe.be\/fr\/wp-json\/wp\/v2\/posts\/11317","targetHints":{"allow":["GET"]}}],"collection":[{"href":"https:\/\/smartbe.be\/fr\/wp-json\/wp\/v2\/posts"}],"about":[{"href":"https:\/\/smartbe.be\/fr\/wp-json\/wp\/v2\/types\/post"}],"author":[{"embeddable":true,"href":"https:\/\/smartbe.be\/fr\/wp-json\/wp\/v2\/users\/6"}],"replies":[{"embeddable":true,"href":"https:\/\/smartbe.be\/fr\/wp-json\/wp\/v2\/comments?post=11317"}],"version-history":[{"count":3,"href":"https:\/\/smartbe.be\/fr\/wp-json\/wp\/v2\/posts\/11317\/revisions"}],"predecessor-version":[{"id":11321,"href":"https:\/\/smartbe.be\/fr\/wp-json\/wp\/v2\/posts\/11317\/revisions\/11321"}],"wp:attachment":[{"href":"https:\/\/smartbe.be\/fr\/wp-json\/wp\/v2\/media?parent=11317"}],"wp:term":[{"taxonomy":"category","embeddable":true,"href":"https:\/\/smartbe.be\/fr\/wp-json\/wp\/v2\/categories?post=11317"},{"taxonomy":"post_tag","embeddable":true,"href":"https:\/\/smartbe.be\/fr\/wp-json\/wp\/v2\/tags?post=11317"}],"curies":[{"name":"wp","href":"https:\/\/api.w.org\/{rel}","templated":true}]}}