
{"id":11282,"date":"2015-05-13T16:29:35","date_gmt":"2015-05-13T15:29:35","guid":{"rendered":"http:\/\/smartbe.be\/?p=11282"},"modified":"2015-07-16T15:16:52","modified_gmt":"2015-07-16T14:16:52","slug":"appel-aux-plasticiens-dans-le-cadre-dun-projet-mons-2015","status":"publish","type":"post","link":"https:\/\/smartbe.be\/fr\/news\/appel-aux-plasticiens-dans-le-cadre-dun-projet-mons-2015\/","title":{"rendered":"Appel aux plasticiens dans le cadre d\u2019un projet Mons 2015"},"content":{"rendered":"<p>De nombreuses associations locales se sont regroup\u00e9es, dans le cadre du\u00a0<a href=\"http:\/\/www.mons2015.eu\/fr\/Le-grand-huit\" target=\"_blank\">projet Grand Huit<\/a>\u00a0soutenu par Mons 2015,\u00a0pour\u00a0proposer un voyage culturel et temporel in\u00e9dit.\u00a0Dans ce cadre,\u00a0nous lan\u00e7ons un appel \u00e0 projets pour s\u00e9lectionner un\u00a0artiste qui r\u00e9alisera une \u0153uvre sur le <strong>th\u00e8me du XVIIIe, si\u00e8cle des Lumi\u00e8res<\/strong>. L\u2019\u0153uvre s\u00e9lectionn\u00e9e devra \u00eatre un diptyque r\u00e9alis\u00e9 sur 2 panneaux de MDF d\u00e9cor\u00e9s \u00e0 la mani\u00e8re de cadres\u00a0dor\u00e9s et dispos\u00e9s autour du mur d\u2019enceinte de l\u2019\u00e9glise du village.\u00a0pour\u00a0proposer un voyage culturel et temporel in\u00e9dit. Dans le c\u0153ur historique du village d\u2019Harveng, le public sera transport\u00e9 dans le hameau tel qu&rsquo;il \u00e9tait au XVIIIe si\u00e8cle en compagnie d&rsquo;artisans, d\u2019acteurs et de musiciens.<\/p>\n<p>Vous souhaitez participer? Envoyez-nous:<\/p>\n<ul>\n<li>Des esquisses et croquis du projet propos\u00e9.<\/li>\n<li>Un book contenant des illustrations de vos \u0153uvres.<\/li>\n<\/ul>\n<p>Le tout<b> avant le 31\/07\/2015<\/b>\u00a0par mail \u00e0 l\u2019adresse <a href=\"mailto:&#x6d;&#x6f;&#x6e;&#x73;&#x40;&#x73;&#x6d;&#x61;&#x72;&#x74;&#x2e;&#x63;&#x6f;&#x6f;&#x70;\" target=\"_blank\">&#x6d;&#x6f;&#x6e;&#x73;&#x40;<span class=\"oe_displaynone\">null<\/span>&#x73;&#x6d;&#x61;&#x72;&#x74;&#x2e;&#x63;&#x6f;&#x6f;&#x70;<\/a>, ou par courrier au bureau de Smart, rue des Belneux, 12 \u2013 7000 Mons.<\/p>\n<p>&nbsp;<\/p>","protected":false},"excerpt":{"rendered":"<p>De nombreuses associations locales se sont regroup\u00e9es, dans le cadre du\u00a0projet Grand Huit\u00a0soutenu par Mons 2015,\u00a0pour\u00a0proposer un voyage culturel et temporel in\u00e9dit.\u00a0Dans ce cadre,\u00a0nous lan\u00e7ons un appel \u00e0 projets pour s\u00e9lectionner un\u00a0artiste qui r\u00e9alisera une \u0153uvre sur le th\u00e8me du &hellip;<\/p>\n","protected":false},"author":6,"featured_media":12365,"comment_status":"closed","ping_status":"closed","sticky":false,"template":"","format":"standard","meta":{"footnotes":""},"categories":[153],"tags":[],"class_list":["post-11282","post","type-post","status-publish","format-standard","has-post-thumbnail","hentry","category-appel-a-projets"],"aioseo_notices":[],"_links":{"self":[{"href":"https:\/\/smartbe.be\/fr\/wp-json\/wp\/v2\/posts\/11282","targetHints":{"allow":["GET"]}}],"collection":[{"href":"https:\/\/smartbe.be\/fr\/wp-json\/wp\/v2\/posts"}],"about":[{"href":"https:\/\/smartbe.be\/fr\/wp-json\/wp\/v2\/types\/post"}],"author":[{"embeddable":true,"href":"https:\/\/smartbe.be\/fr\/wp-json\/wp\/v2\/users\/6"}],"replies":[{"embeddable":true,"href":"https:\/\/smartbe.be\/fr\/wp-json\/wp\/v2\/comments?post=11282"}],"version-history":[{"count":11,"href":"https:\/\/smartbe.be\/fr\/wp-json\/wp\/v2\/posts\/11282\/revisions"}],"predecessor-version":[{"id":12426,"href":"https:\/\/smartbe.be\/fr\/wp-json\/wp\/v2\/posts\/11282\/revisions\/12426"}],"wp:featuredmedia":[{"embeddable":true,"href":"https:\/\/smartbe.be\/fr\/wp-json\/wp\/v2\/media\/12365"}],"wp:attachment":[{"href":"https:\/\/smartbe.be\/fr\/wp-json\/wp\/v2\/media?parent=11282"}],"wp:term":[{"taxonomy":"category","embeddable":true,"href":"https:\/\/smartbe.be\/fr\/wp-json\/wp\/v2\/categories?post=11282"},{"taxonomy":"post_tag","embeddable":true,"href":"https:\/\/smartbe.be\/fr\/wp-json\/wp\/v2\/tags?post=11282"}],"curies":[{"name":"wp","href":"https:\/\/api.w.org\/{rel}","templated":true}]}}