
{"id":10500,"date":"2015-04-13T09:17:50","date_gmt":"2015-04-13T08:17:50","guid":{"rendered":"http:\/\/smartbe.be\/?p=10500"},"modified":"2015-04-13T09:18:43","modified_gmt":"2015-04-13T08:18:43","slug":"meetconnect-vivre-dans-la-bande-dessinee-quaregnon-0705","status":"publish","type":"post","link":"https:\/\/smartbe.be\/fr\/news\/meetconnect-vivre-dans-la-bande-dessinee-quaregnon-0705\/","title":{"rendered":"Meet&#038;Connect: \u00ab\u00a0Vivre dans la bande dessin\u00e9e\u00a0\u00bb &#8211; Quaregnon 07\/05"},"content":{"rendered":"<p><img loading=\"lazy\" decoding=\"async\" class=\"size-medium wp-image-10501 alignright\" alt=\"M&amp;C BD Quaregnon\" src=\"https:\/\/smartbe.be\/wordpress\/..\/wp-content\/uploads\/2015\/04\/MC-BD-Quaregnon-300x237.jpg\" width=\"300\" height=\"237\" srcset=\"https:\/\/smartbe.be\/wp-content\/uploads\/2015\/04\/MC-BD-Quaregnon-300x237.jpg 300w, https:\/\/smartbe.be\/wp-content\/uploads\/2015\/04\/MC-BD-Quaregnon-1024x809.jpg 1024w, https:\/\/smartbe.be\/wp-content\/uploads\/2015\/04\/MC-BD-Quaregnon-379x300.jpg 379w, https:\/\/smartbe.be\/wp-content\/uploads\/2015\/04\/MC-BD-Quaregnon-290x229.jpg 290w\" sizes=\"auto, (max-width: 300px) 100vw, 300px\" \/><\/p>\n<p>Dessinateur de <a href=\"http:\/\/www.dargaud.com\/saison-des-anguilles\" target=\"_blank\">La Saison des anguilles<\/a>\u00a0publi\u00e9 chez Dargaud avec Denis Lapi\u00e8re, Pierre Bailly a \u00e9galement collabor\u00e9 \u00e0 \u00a0la s\u00e9rie <a href=\"http:\/\/www.dupuis.com\/ludo\/bd\/ludo-tome-1-tranches-de-quartier\/9864\" target=\"_blank\">Ludo<\/a>. En 2011, il cr\u00e9e avec sa compagne C\u00e9line Fraipont le personnage de\u00a0<a href=\"http:\/\/www.petitpoilu.com\/auteurs.php\" target=\"_blank\">Petit Poilu<\/a>,\u00a0destin\u00e9 aux enfants d\u00e8s 3 ans.<\/p>\n<p>Venez \u00e9changer sur votre exp\u00e9rience avec lui lors de notre Meet&amp;Connect!<\/p>\n<p>En pratique:<\/p>\n<ul>\n<li>Quand?\u00a0Jeudi 07 mai 2015 de 19h \u00e0 22h<\/li>\n<li>O\u00f9?\u00a0Maison Culturelle de Quaregnon &#8211;\u00a0355 rue Jules Destr\u00e9e,\u00a07390 Quaregnon<\/li>\n<\/ul>\n<p>Inscriptions aupr\u00e8s de Geoffrey Bravin via\u00a0<a href=\"mailto:&#x62;&#x72;&#x67;&#x40;&#x73;&#x6d;&#x61;&#x72;&#x74;&#x2e;&#x63;&#x6f;&#x6f;&#x70;\">&#x62;&#x72;&#x67;&#x40;<span class=\"oe_displaynone\">null<\/span>&#x73;&#x6d;&#x61;&#x72;&#x74;&#x2e;&#x63;&#x6f;&#x6f;&#x70;<\/a>\u00a0ou au 065\/31.92.21<\/p>\n<p>Plus d&rsquo;infos sur <a href=\"http:\/\/maisonculturellequaregnon.be\/evenements\/smartbe-meet-connect-pierre-bailly\/\" target=\"_blank\">le site de la Maison culturelle de Quaregnon<\/a>.<\/p>","protected":false},"excerpt":{"rendered":"<p>Dessinateur de La Saison des anguilles\u00a0publi\u00e9 chez Dargaud avec Denis Lapi\u00e8re, Pierre Bailly a \u00e9galement collabor\u00e9 \u00e0 \u00a0la s\u00e9rie Ludo. En 2011, il cr\u00e9e avec sa compagne C\u00e9line Fraipont le personnage de\u00a0Petit Poilu,\u00a0destin\u00e9 aux enfants d\u00e8s 3 ans. Venez \u00e9changer &hellip;<\/p>\n","protected":false},"author":6,"featured_media":0,"comment_status":"closed","ping_status":"closed","sticky":false,"template":"","format":"standard","meta":{"footnotes":""},"categories":[25,24],"tags":[],"class_list":["post-10500","post","type-post","status-publish","format-standard","hentry","category-debats","category-evenements"],"aioseo_notices":[],"_links":{"self":[{"href":"https:\/\/smartbe.be\/fr\/wp-json\/wp\/v2\/posts\/10500","targetHints":{"allow":["GET"]}}],"collection":[{"href":"https:\/\/smartbe.be\/fr\/wp-json\/wp\/v2\/posts"}],"about":[{"href":"https:\/\/smartbe.be\/fr\/wp-json\/wp\/v2\/types\/post"}],"author":[{"embeddable":true,"href":"https:\/\/smartbe.be\/fr\/wp-json\/wp\/v2\/users\/6"}],"replies":[{"embeddable":true,"href":"https:\/\/smartbe.be\/fr\/wp-json\/wp\/v2\/comments?post=10500"}],"version-history":[{"count":5,"href":"https:\/\/smartbe.be\/fr\/wp-json\/wp\/v2\/posts\/10500\/revisions"}],"predecessor-version":[{"id":10545,"href":"https:\/\/smartbe.be\/fr\/wp-json\/wp\/v2\/posts\/10500\/revisions\/10545"}],"wp:attachment":[{"href":"https:\/\/smartbe.be\/fr\/wp-json\/wp\/v2\/media?parent=10500"}],"wp:term":[{"taxonomy":"category","embeddable":true,"href":"https:\/\/smartbe.be\/fr\/wp-json\/wp\/v2\/categories?post=10500"},{"taxonomy":"post_tag","embeddable":true,"href":"https:\/\/smartbe.be\/fr\/wp-json\/wp\/v2\/tags?post=10500"}],"curies":[{"name":"wp","href":"https:\/\/api.w.org\/{rel}","templated":true}]}}