
{"id":10244,"date":"2015-03-13T12:04:11","date_gmt":"2015-03-13T11:04:11","guid":{"rendered":"http:\/\/smartbe.be\/?p=10244"},"modified":"2015-04-08T09:50:01","modified_gmt":"2015-04-08T08:50:01","slug":"balkan-trafik-festival-tarif-preferentiel-bxl-23-2604","status":"publish","type":"post","link":"https:\/\/smartbe.be\/fr\/news\/balkan-trafik-festival-tarif-preferentiel-bxl-23-2604\/","title":{"rendered":"Balkan Trafik Festival: tarif pr\u00e9f\u00e9rentiel \u2013 BXL 23-26\/04"},"content":{"rendered":"<header><\/header>\n<div>\n<p>\u00ab\u00a0Balkan Trafik est un trafic,\u00a0un trafic de cultures et d\u2019exp\u00e9riences offrant des clefs pour l\u2019int\u00e9gration, la communication, le partage et l\u2019ouverture vers l\u2019autre.\u00a0\u00bb Voil\u00e0 la philosophie de ce festival original.\u00a0Organis\u00e9 par\u00a0 l\u2019<strong>asbl 1001 Valises<\/strong> et <strong>BOZAR<\/strong>, il r\u00e9unit sur sc\u00e8ne c\u00e9l\u00e9brit\u00e9s internationales et \u00ab l\u00e9gendes vivantes \u00bb des Balkans autour de la musique Rom, du rock engag\u00e9, du jazz ou m\u00eame de la musique traditionnelle et \u00e9lectronique. Films, d\u00e9bats, ateliers, gastronomie, vin et danse compl\u00e8tent l\u2019affiche.<\/p>\n<p>Nos membres b\u00e9n\u00e9ficient d\u2019une <strong>r\u00e9duction sur le prix d\u2019entr\u00e9e pour le vendredi 24 et le samedi 25<\/strong>. Plus vous serez nombreux \u00e0 vous inscrire, plus celle-ci sera importante: de <strong>-15%<\/strong> si <strong>15 personnes<\/strong> se manifestent \u00e0 <strong>-25%<\/strong> si vous \u00eates <strong>50<\/strong>!\u00a0Int\u00e9ress\u00e9? Il vous suffit d\u2019\u00a0<a href=\"http:\/\/www.balkantrafik.com\/fr\/contact\/\">envoyer vos coordonn\u00e9es aux responsables du festival<\/a>\u00a0(nom, pr\u00e9nom, date(s) et nombre de places d\u00e9sir\u00e9es)<strong> avant le 15 avril<\/strong>, en pr\u00e9cisant que vous \u00eates membre de Smart. Le tarif r\u00e9duit vous sera confirm\u00e9 en fonction du nombre d&rsquo;inscriptions. Attention, les tarifs varient selon les jours de festival: le prix d&rsquo;entr\u00e9e \u00e0 la soir\u00e9e exceptionnelle en compagnie de <strong>Goran Bregovic<\/strong> le 24\/04 s&rsquo;\u00e9l\u00e8ve \u00e0 35\u20ac, contre 20\u20ac pour la journ\u00e9e du samedi.<\/p>\n<p>Pour le programme complet, rendez-vous sur\u00a0<a href=\"http:\/\/www.balkantrafik.com\/fr\/lineup-fr\/\">le site du festival<\/a>.<\/p>\n<p>&nbsp;<\/p>\n<\/div>","protected":false},"excerpt":{"rendered":"<p>\u00ab\u00a0Balkan Trafik est un trafic,\u00a0un trafic de cultures et d\u2019exp\u00e9riences offrant des clefs pour l\u2019int\u00e9gration, la communication, le partage et l\u2019ouverture vers l\u2019autre.\u00a0\u00bb Voil\u00e0 la philosophie de ce festival original.\u00a0Organis\u00e9 par\u00a0 l\u2019asbl 1001 Valises et BOZAR, il r\u00e9unit sur sc\u00e8ne &hellip;<\/p>\n","protected":false},"author":6,"featured_media":10253,"comment_status":"closed","ping_status":"closed","sticky":false,"template":"","format":"standard","meta":{"footnotes":""},"categories":[24],"tags":[],"class_list":["post-10244","post","type-post","status-publish","format-standard","has-post-thumbnail","hentry","category-evenements"],"aioseo_notices":[],"_links":{"self":[{"href":"https:\/\/smartbe.be\/fr\/wp-json\/wp\/v2\/posts\/10244","targetHints":{"allow":["GET"]}}],"collection":[{"href":"https:\/\/smartbe.be\/fr\/wp-json\/wp\/v2\/posts"}],"about":[{"href":"https:\/\/smartbe.be\/fr\/wp-json\/wp\/v2\/types\/post"}],"author":[{"embeddable":true,"href":"https:\/\/smartbe.be\/fr\/wp-json\/wp\/v2\/users\/6"}],"replies":[{"embeddable":true,"href":"https:\/\/smartbe.be\/fr\/wp-json\/wp\/v2\/comments?post=10244"}],"version-history":[{"count":4,"href":"https:\/\/smartbe.be\/fr\/wp-json\/wp\/v2\/posts\/10244\/revisions"}],"predecessor-version":[{"id":10646,"href":"https:\/\/smartbe.be\/fr\/wp-json\/wp\/v2\/posts\/10244\/revisions\/10646"}],"wp:featuredmedia":[{"embeddable":true,"href":"https:\/\/smartbe.be\/fr\/wp-json\/wp\/v2\/media\/10253"}],"wp:attachment":[{"href":"https:\/\/smartbe.be\/fr\/wp-json\/wp\/v2\/media?parent=10244"}],"wp:term":[{"taxonomy":"category","embeddable":true,"href":"https:\/\/smartbe.be\/fr\/wp-json\/wp\/v2\/categories?post=10244"},{"taxonomy":"post_tag","embeddable":true,"href":"https:\/\/smartbe.be\/fr\/wp-json\/wp\/v2\/tags?post=10244"}],"curies":[{"name":"wp","href":"https:\/\/api.w.org\/{rel}","templated":true}]}}