
{"id":10169,"date":"2016-02-23T11:36:09","date_gmt":"2016-02-23T10:36:09","guid":{"rendered":"http:\/\/smartbe.be\/?p=10169"},"modified":"2016-03-18T11:14:27","modified_gmt":"2016-03-18T10:14:27","slug":"retrouvez-nous-au-salon-entreprendre-bxl-18193","status":"publish","type":"post","link":"https:\/\/smartbe.be\/fr\/news\/retrouvez-nous-au-salon-entreprendre-bxl-18193\/","title":{"rendered":"Retrouvez-nous au salon Entreprendre \u2013 BXL 16&#038;17\/03"},"content":{"rendered":"<p>Le 1er salon national des PME, starters et ind\u00e9pendants en est \u00e0 sa\u00a013\u00e8me \u00e9dition. Nous y serons: rendez-vous sur le stand H8! Des speed-datings seront organis\u00e9s avec\u00a0nos partenaires autour de la communication, du financement et de la concr\u00e9tisation de votre projet.<\/p>\n<h4>Programme (inscriptions sur notre stand):<\/h4>\n<table style=\"height: 417px;\" width=\"689\">\n<tbody>\n<tr>\n<td width=\"120\"><\/td>\n<td width=\"131\"><strong>Mercredi 16 mars\u00a0<\/strong><\/td>\n<td width=\"127\"><strong>Jeudi 17 mars<\/strong><\/td>\n<\/tr>\n<tr>\n<td width=\"120\">12h-13h<\/td>\n<td width=\"131\"><\/td>\n<td width=\"127\">\u00a0Crowdfunding (<a href=\"http:\/\/www.kisskissbankbank.com\/\" target=\"_blank\">Kisskissbankbank<\/a>)<\/td>\n<\/tr>\n<tr>\n<td width=\"120\">13h-14h<\/td>\n<td width=\"131\"><\/td>\n<td width=\"127\">\u00a0Crowdfunding (<a href=\"http:\/\/www.kisskissbankbank.com\/\" target=\"_blank\">Kisskissbankbank<\/a>)<\/td>\n<\/tr>\n<tr>\n<td width=\"120\">14h-15h<\/td>\n<td width=\"131\">Microcr\u00e9dit (<a href=\"http:\/\/microstart.be\/fr\" target=\"_blank\">MicroStart<\/a>)<\/td>\n<td width=\"127\">Microcr\u00e9dit (<a href=\"http:\/\/microstart.be\/fr\" target=\"_blank\">MicroStart<\/a>)<\/td>\n<\/tr>\n<tr>\n<td width=\"120\">15h-16h<\/td>\n<td width=\"131\"><\/td>\n<td width=\"127\">Financement (<a href=\"http:\/\/www.credal.be\/\" target=\"_blank\">Cr\u00e9dal<\/a>)<\/td>\n<\/tr>\n<tr>\n<td width=\"120\">16h-17h<\/td>\n<td width=\"131\">\u00a0Financement (<a href=\"http:\/\/www.credal.be\/\" target=\"_blank\">Cr\u00e9dal<\/a>)<\/td>\n<td width=\"127\">\u00a0Communication (Smart)<\/td>\n<\/tr>\n<\/tbody>\n<\/table>\n<p>Notre administrateur d\u00e9l\u00e9gu\u00e9 Sandrino Graceffa participera \u00e9galement \u00e0 une conf\u00e9rence sur la th\u00e9matique \u00ab\u00a0<a href=\"http:\/\/www.entreprendreondernemen.be\/fr\/conference\/details\/252?title=Entreprendrecollectivementlescooprativesdemploi\" target=\"_blank\">Entreprendre collectivement : les coop\u00e9ratives d&#8217;emploi<\/a>\u00a0\u00bb en compagnie du journaliste <a href=\"http:\/\/www.entreprendreondernemen.be\/fr\/speaker\/details\/352?title=MarsacAntonin\" target=\"_blank\">Antonin Marsac<\/a>. Pour y assister, rendez-vous le mercredi 16 mars de 15h30 \u00e0 16h15 dans la salle \u00ab\u00a0Keynes\u00a0\u00bb.<\/p>\n<p>Pour le programme d\u00e9taill\u00e9 des conf\u00e9rences et ateliers pratiques, consultez <a href=\"http:\/\/www.entreprendreondernemen.be\/\">le site de l&rsquo;\u00e9v\u00e9nement<\/a>.<\/p>\n<ul>\n<li><b>Quand?<\/b><\/li>\n<\/ul>\n<p>Mercredi 16 et jeudi 17 mars<\/p>\n<ul>\n<li><b>O\u00f9?<\/b><\/li>\n<\/ul>\n<p>Tour &amp; Taxis &#8211; Avenue du Port 86C &#8211; 1000 Bruxelles<br \/>\n<a href=\"https:\/\/maps.google.com\/?daddr=Havenlaan+86c+1000+Brussel+Belgi%C3%AB\" target=\"_blank\">Google Maps<\/a><\/p>\n<ul>\n<li><b>Heures d&rsquo;ouverture<\/b><b><\/b><\/li>\n<\/ul>\n<p>16\/03\/2016 : de 9h30 \u00e0 19h00<\/p>\n<p>17\/03\/2016 : de 9h30 \u00e0 18h00<\/p>\n<ul>\n<li><b>Prix d&rsquo;entr\u00e9e<\/b><b><\/b><\/li>\n<\/ul>\n<p>Gratuit si pr\u00e9-inscription via <a href=\"http:\/\/www.entreprendreondernemen.be\/fr\/account\/register\">ce lien<\/a><b><\/b><\/p>","protected":false},"excerpt":{"rendered":"<p>Le 1er salon national des PME, starters et ind\u00e9pendants en est \u00e0 sa\u00a013\u00e8me \u00e9dition. Nous y serons: rendez-vous sur le stand H8! Des speed-datings seront organis\u00e9s avec\u00a0nos partenaires autour de la communication, du financement et de la concr\u00e9tisation de votre &hellip;<\/p>\n","protected":false},"author":6,"featured_media":14998,"comment_status":"closed","ping_status":"closed","sticky":false,"template":"","format":"standard","meta":{"footnotes":""},"categories":[15],"tags":[],"class_list":["post-10169","post","type-post","status-publish","format-standard","has-post-thumbnail","hentry","category-annonces"],"aioseo_notices":[],"_links":{"self":[{"href":"https:\/\/smartbe.be\/fr\/wp-json\/wp\/v2\/posts\/10169","targetHints":{"allow":["GET"]}}],"collection":[{"href":"https:\/\/smartbe.be\/fr\/wp-json\/wp\/v2\/posts"}],"about":[{"href":"https:\/\/smartbe.be\/fr\/wp-json\/wp\/v2\/types\/post"}],"author":[{"embeddable":true,"href":"https:\/\/smartbe.be\/fr\/wp-json\/wp\/v2\/users\/6"}],"replies":[{"embeddable":true,"href":"https:\/\/smartbe.be\/fr\/wp-json\/wp\/v2\/comments?post=10169"}],"version-history":[{"count":12,"href":"https:\/\/smartbe.be\/fr\/wp-json\/wp\/v2\/posts\/10169\/revisions"}],"predecessor-version":[{"id":15920,"href":"https:\/\/smartbe.be\/fr\/wp-json\/wp\/v2\/posts\/10169\/revisions\/15920"}],"wp:featuredmedia":[{"embeddable":true,"href":"https:\/\/smartbe.be\/fr\/wp-json\/wp\/v2\/media\/14998"}],"wp:attachment":[{"href":"https:\/\/smartbe.be\/fr\/wp-json\/wp\/v2\/media?parent=10169"}],"wp:term":[{"taxonomy":"category","embeddable":true,"href":"https:\/\/smartbe.be\/fr\/wp-json\/wp\/v2\/categories?post=10169"},{"taxonomy":"post_tag","embeddable":true,"href":"https:\/\/smartbe.be\/fr\/wp-json\/wp\/v2\/tags?post=10169"}],"curies":[{"name":"wp","href":"https:\/\/api.w.org\/{rel}","templated":true}]}}