
{"id":10124,"date":"2016-09-20T09:37:33","date_gmt":"2016-09-20T08:37:33","guid":{"rendered":"http:\/\/smartbe.be\/?p=10124"},"modified":"2026-01-26T09:07:37","modified_gmt":"2026-01-26T08:07:37","slug":"integrez-votre-activite-culturelle-dans-le-secteur-touristique-nouvelle-formation-en-partenariat-avec-le-forem","status":"publish","type":"post","link":"https:\/\/smartbe.be\/fr\/news\/integrez-votre-activite-culturelle-dans-le-secteur-touristique-nouvelle-formation-en-partenariat-avec-le-forem\/","title":{"rendered":"Nouvelle formation en partenariat avec le FOREM &#8211; Tournai 01-23\/12"},"content":{"rendered":"<p><b> <\/b><\/p>\n<p>Les th\u00e9matiques abord\u00e9es\u00a0dans le cadre de ce cycle seront les suivantes: comment g\u00e9rer vos projets culturels (marketing, gestion comptable et organisation) ? Les outils de communication utilis\u00e9s dans le secteur culturel, Comment concevoir mon plan de communication ? Comment d\u00e9velopper mon r\u00e9seau professionnel dans le secteur culturel ? L\u2019usage des r\u00e9seaux sociaux au service de mon projet culturel, Journalistes, m\u00e9dias, blogueurs \u2026 comment communiquer efficacement afin de s\u2019offrir une belle visibilit\u00e9 ? e-Mailings : utilisation professionnelle des outils gratuits sur le web, les droits d\u2019auteur et les rubriques essentielles d\u2019un contrat.<\/p>\n<h2>En pratique\u00a0:<\/h2>\n<ul>\n<li>12\u00a0\u00bd jours de formation <strong>du 1er au 23 d\u00e9cembre\u00a0<\/strong>(l\u2019inscription au cycle suppose la participation \u00e0 toutes les s\u00e9ances).<\/li>\n<li>Uniquement pour les demandeurs d\u2019emploi de la R\u00e9gion wallonne.<\/li>\n<li>Formation gratuite \u2013 intervention dans les frais de d\u00e9placement (transports en commun enti\u00e8rement rembours\u00e9s)<\/li>\n<li>Une session d\u2019info obligatoire aura\u00a0lieu le<strong>\u00a026 octobre \u00e0 10h30<\/strong> au Centre de comp\u00e9tence Forem Tourisme\u00a0de Tournai.<\/li>\n<\/ul>\n<p>Pour plus d\u2019infos ou vous inscrire, contactez\u00a0le Forem en appelant le num\u00e9ro\u00a0<strong>069 88 16 00<\/strong>.<\/p>\n<p>Pour en savoir plus sur ce partenariat, <a href=\"https:\/\/smartbe.be\/fr\/services\/formation\/formations-partenaires\/le-centre-de-competence-forem-tourisme\/\">cliquez ici<\/a>.<\/p>","protected":false},"excerpt":{"rendered":"<p>Les th\u00e9matiques abord\u00e9es\u00a0dans le cadre de ce cycle seront les suivantes: comment g\u00e9rer vos projets culturels (marketing, gestion comptable et organisation) ? Les outils de communication utilis\u00e9s dans le secteur culturel, Comment concevoir mon plan de communication ? Comment d\u00e9velopper &hellip;<\/p>\n","protected":false},"author":37,"featured_media":0,"comment_status":"closed","ping_status":"closed","sticky":false,"template":"","format":"standard","meta":{"footnotes":""},"categories":[151],"tags":[],"class_list":["post-10124","post","type-post","status-publish","format-standard","hentry","category-info"],"aioseo_notices":[],"_links":{"self":[{"href":"https:\/\/smartbe.be\/fr\/wp-json\/wp\/v2\/posts\/10124","targetHints":{"allow":["GET"]}}],"collection":[{"href":"https:\/\/smartbe.be\/fr\/wp-json\/wp\/v2\/posts"}],"about":[{"href":"https:\/\/smartbe.be\/fr\/wp-json\/wp\/v2\/types\/post"}],"author":[{"embeddable":true,"href":"https:\/\/smartbe.be\/fr\/wp-json\/wp\/v2\/users\/37"}],"replies":[{"embeddable":true,"href":"https:\/\/smartbe.be\/fr\/wp-json\/wp\/v2\/comments?post=10124"}],"version-history":[{"count":17,"href":"https:\/\/smartbe.be\/fr\/wp-json\/wp\/v2\/posts\/10124\/revisions"}],"predecessor-version":[{"id":49133,"href":"https:\/\/smartbe.be\/fr\/wp-json\/wp\/v2\/posts\/10124\/revisions\/49133"}],"wp:attachment":[{"href":"https:\/\/smartbe.be\/fr\/wp-json\/wp\/v2\/media?parent=10124"}],"wp:term":[{"taxonomy":"category","embeddable":true,"href":"https:\/\/smartbe.be\/fr\/wp-json\/wp\/v2\/categories?post=10124"},{"taxonomy":"post_tag","embeddable":true,"href":"https:\/\/smartbe.be\/fr\/wp-json\/wp\/v2\/tags?post=10124"}],"curies":[{"name":"wp","href":"https:\/\/api.w.org\/{rel}","templated":true}]}}